{"id":60566,"date":"2016-07-06T22:55:11","date_gmt":"2016-07-07T01:55:11","guid":{"rendered":"http:\/\/www.elsindical.com.ar\/notas\/?p=60566"},"modified":"2016-07-06T22:55:11","modified_gmt":"2016-07-07T01:55:11","slug":"renuncio-loperfido-pero-seguira-como-director-del-teatro-colon","status":"publish","type":"post","link":"https:\/\/www.elsindical.com.ar\/notas\/renuncio-loperfido-pero-seguira-como-director-del-teatro-colon\/","title":{"rendered":"Renunci\u00f3 Lop\u00e9rfido pero seguir\u00e1 como director del Teatro Col\u00f3n"},"content":{"rendered":"<p><em>\u00a0 <a href=\"http:\/\/www.elsindical.com.ar\/notas\/var\/www\/html\/notas\/wp-content\/uploads\/2016\/07\/Dar\u00edo-Lop\u00e9rfido.jpg\"><img loading=\"lazy\" decoding=\"async\" class=\"alignnone size-medium wp-image-60567\" src=\"http:\/\/www.elsindical.com.ar\/notas\/var\/www\/html\/notas\/wp-content\/uploads\/2016\/07\/Dar\u00edo-Lop\u00e9rfido-300x169.jpg\" alt=\"Dar\u00edo-Lop\u00e9rfido\" width=\"300\" height=\"169\" srcset=\"https:\/\/www.elsindical.com.ar\/notas\/var\/www\/html\/notas\/wp-content\/uploads\/2016\/07\/Dar\u00edo-Lop\u00e9rfido-300x169.jpg 300w, https:\/\/www.elsindical.com.ar\/notas\/var\/www\/html\/notas\/wp-content\/uploads\/2016\/07\/Dar\u00edo-Lop\u00e9rfido-500x281.jpg 500w, https:\/\/www.elsindical.com.ar\/notas\/var\/www\/html\/notas\/wp-content\/uploads\/2016\/07\/Dar\u00edo-Lop\u00e9rfido.jpg 620w\" sizes=\"auto, (max-width: 300px) 100vw, 300px\" \/><\/a>El ahora ex Ministro de Cultura present\u00f3 su decisi\u00f3n al jefe de Gabinete, <strong>Felipe Miguel\u00a0<\/strong>y el Jefe de gobierno porte\u00f1o la acept\u00f3, en tanto luego emitieron un comunicado al respecto. El funcionario renunciante estuvo siete meses en el cargo, donde\u00a0recibi\u00f3 varias\u00a0cr\u00edticas\u00a0por su desempe\u00f1o y\u00a0declaraciones pol\u00e9micas como las que tuvo\u00a0sobre los desaparecidos.<\/em><\/p>\n<p>El jefe de Gobierno porte\u00f1o, <strong>Horacio Rodr\u00edguez Larreta<\/strong>, le acept\u00f3 este miercoles la renuncia a<strong> Dar\u00edo Lop\u00e9rfido<\/strong> como ministro de Cultura de la ciudad de Buenos Aires, despu\u00e9s de apenas siete meses de gesti\u00f3n y duras cr\u00edticas de organismos de derechos humanos, artistas e intelectuales por sus declaraciones sobre los desaparecidos.<\/p>\n<p>Un comunicado de prensa del gobierno de la ciudad confirm\u00f3 la renuncia, sobre la que circulaban versiones desde el pasado martes y a\u00f1adi\u00f3 que Lop\u00e9rfido continuar\u00e1 como director art\u00edstico del Teatro Col\u00f3n, una tarea que conservaba en paralelo a la funci\u00f3n ministerial.<\/p>\n<p>Seg\u00fan el comunicado, <em>\u201cLop\u00e9rfido le present\u00f3 su renuncia hoy poco antes de las 14 al jefe de Gabinete, Felipe Miguel\u201d<\/em>.<\/p>\n<p><em>\u00abCoincidimos con Dar\u00edo en que era mejor que se concentre en la direcci\u00f3n art\u00edstica del Teatro Col\u00f3n, trabajando con la directora general, <strong>Mar\u00eda Victoria Alcaraz<\/strong>\u201d<\/em>, expres\u00f3 a su vez Rodr\u00edguez Larreta, citado por el mismo parte de prensa.<\/p>\n<p><em>\u201cEn los pr\u00f3ximos d\u00edas anunciaremos al nuevo ministro de Cultura\u201d<\/em>, agreg\u00f3. En adelante, <em>\u201cse dedicar\u00e1 a tiempo completo a la direcci\u00f3n art\u00edstica del Teatro Col\u00f3n y a la presidencia de Opera Latinoam\u00e9rica (OLA), una organizaci\u00f3n que agrupa a teatros de \u00f3pera en Am\u00e9rica Latina y tiene como objetivos el intercambio de informaci\u00f3n, la promoci\u00f3n y educaci\u00f3n de los nuevos talentos art\u00edsticos del continente, as\u00ed como la realizaci\u00f3n de cursos, talleres y master clases enfocados en el desarrollo integral de los artistas\u00bb.<\/em><\/p>\n<p>Seg\u00fan inform\u00f3 la gacetilla de prensa del gobierno porte\u00f1o, el funcionario renunciante dijo a su vez que para \u00e9l \u201c<em>fue agotador encarar simult\u00e1neamente tres tareas de semejante relevancia\u201d<\/em>, aunque tambi\u00e9n<em> \u201cuna experiencia muy enriquecedora\u201d<\/em>.<\/p>\n<p>Organismos de derechos humanos, entre otros diversos sectores, repudiaron por <em>\u201cnegacionistas\u201d<\/em> declaraciones en las que Lop\u00e9rfido neg\u00f3 que los desaparecidos durante la \u00faltima dictadura fueran 30 mil y el funcionario debi\u00f3 ser desautorizado por el propio Rodr\u00edguez Larreta, que dijo sobre el tema: <em>\u201cEs una opini\u00f3n personal de \u00e9l que no suscribo\u201d<\/em>.<\/p>\n<p>Fue Secretario de Medios durante la presidencia de <strong>Fernando de la R\u00faa<\/strong>, cuando integr\u00f3 adem\u00e1s el llamado \u201cgrupo sushi\u201d, influyente en ese gobierno, en la gesti\u00f3n concluida este miercoles Lop\u00e9rfido tambi\u00e9n recibi\u00f3 fuertes cuestionamientos de artistas e intelectuales, incluso un pedido de renuncia con cerca de 10.000 firmas.<\/p>\n<p>Adem\u00e1s de sus declaraciones sobre los desaparecidos, este sector le reproch\u00f3 otras expresiones en las que, por ejemplo, propici\u00f3 que los artistas <em>\u201chablen de arte, no hablen de pol\u00edtica\u201d<\/em> y sostuvo que el kirchnerismo hab\u00eda <em>\u201ccomprado voluntades\u201d<\/em> entre los artistas que lo criticaban.<\/p>\n","protected":false},"excerpt":{"rendered":"<p>\u00a0 El ahora ex Ministro de Cultura present\u00f3 su decisi\u00f3n al jefe de Gabinete, Felipe Miguel\u00a0y el Jefe de gobierno porte\u00f1o la acept\u00f3, en tanto luego emitieron un comunicado al respecto. El funcionario renunciante estuvo siete meses en el cargo, donde\u00a0recibi\u00f3 varias\u00a0cr\u00edticas\u00a0por su desempe\u00f1o y\u00a0declaraciones pol\u00e9micas como las que tuvo\u00a0sobre los desaparecidos. El jefe de&hellip;<\/p>\n","protected":false},"author":1,"featured_media":0,"comment_status":"open","ping_status":"open","sticky":false,"template":"","format":"standard","meta":{"footnotes":""},"categories":[13],"tags":[23888,23887,840,2083],"class_list":["post-60566","post","type-post","status-publish","format-standard","hentry","category-politica","tag-dario-loperfido","tag-felipe-miguel","tag-renuncia","tag-teatro-colon"],"_links":{"self":[{"href":"https:\/\/www.elsindical.com.ar\/notas\/wp-json\/wp\/v2\/posts\/60566","targetHints":{"allow":["GET"]}}],"collection":[{"href":"https:\/\/www.elsindical.com.ar\/notas\/wp-json\/wp\/v2\/posts"}],"about":[{"href":"https:\/\/www.elsindical.com.ar\/notas\/wp-json\/wp\/v2\/types\/post"}],"author":[{"embeddable":true,"href":"https:\/\/www.elsindical.com.ar\/notas\/wp-json\/wp\/v2\/users\/1"}],"replies":[{"embeddable":true,"href":"https:\/\/www.elsindical.com.ar\/notas\/wp-json\/wp\/v2\/comments?post=60566"}],"version-history":[{"count":1,"href":"https:\/\/www.elsindical.com.ar\/notas\/wp-json\/wp\/v2\/posts\/60566\/revisions"}],"predecessor-version":[{"id":60568,"href":"https:\/\/www.elsindical.com.ar\/notas\/wp-json\/wp\/v2\/posts\/60566\/revisions\/60568"}],"wp:attachment":[{"href":"https:\/\/www.elsindical.com.ar\/notas\/wp-json\/wp\/v2\/media?parent=60566"}],"wp:term":[{"taxonomy":"category","embeddable":true,"href":"https:\/\/www.elsindical.com.ar\/notas\/wp-json\/wp\/v2\/categories?post=60566"},{"taxonomy":"post_tag","embeddable":true,"href":"https:\/\/www.elsindical.com.ar\/notas\/wp-json\/wp\/v2\/tags?post=60566"}],"curies":[{"name":"wp","href":"https:\/\/api.w.org\/{rel}","templated":true}]}}