{"id":60561,"date":"2016-07-06T21:16:13","date_gmt":"2016-07-07T00:16:13","guid":{"rendered":"http:\/\/www.elsindical.com.ar\/notas\/?p=60561"},"modified":"2016-07-06T21:16:13","modified_gmt":"2016-07-07T00:16:13","slug":"perez-corradi-senalo-a-anibal-fernandez-como-la-morsa","status":"publish","type":"post","link":"https:\/\/www.elsindical.com.ar\/notas\/perez-corradi-senalo-a-anibal-fernandez-como-la-morsa\/","title":{"rendered":"P\u00e9rez Corradi se\u00f1al\u00f3 a An\u00edbal Fern\u00e1ndez como \u00abLa Morsa\u00bb"},"content":{"rendered":"<p><em>\u00a0<a href=\"http:\/\/www.elsindical.com.ar\/notas\/var\/www\/html\/notas\/wp-content\/uploads\/2010\/02\/An\u00edbal-Fern\u00e1ndez-gesto.jpg\"><img loading=\"lazy\" decoding=\"async\" class=\"alignnone size-full wp-image-3451\" src=\"http:\/\/www.elsindical.com.ar\/notas\/var\/www\/html\/notas\/wp-content\/uploads\/2010\/02\/An\u00edbal-Fern\u00e1ndez-gesto.jpg\" alt=\"An\u00edbal-Fern\u00e1ndez-gesto\" width=\"283\" height=\"170\" \/><\/a> As\u00ed lo manifest\u00f3 el acusado de ser el cerebro del triple crimen de la efedrina. Declar\u00f3 durante varias horas ante la jueza Servini de Cubr\u00eda, que investiga la mafia de los medicamentos.\u00a0\u00a0\u00a0<\/em><\/p>\n<p>Al prestar declaraci\u00f3n indagatoria ante la jueza federal Mar\u00eda Servini de Cubr\u00eda, el detenido Ibar P\u00e9rez Corradi vincul\u00f3 hoy con el tr\u00e1fico de efedrina al exjefe de Gabinete An\u00edbal Fern\u00e1ndez, al se\u00f1alarlo como \u00abLa Morsa\u00bb, en base a supuestos dichos del empresario asesinado Sebasti\u00e1n Forza.<\/p>\n<p>\u00abForza en una reuni\u00f3n me dijo que \u00b4La Morsa\u00b4 es An\u00edbal\u00bb Fern\u00e1ndez, asegur\u00f3 P\u00e9rez Corradi ante la magistrada, al hacer referencia al apodo del presunto jefe m\u00e1ximo del tr\u00e1fico de efedrina en el pa\u00eds al momento del triple crimen de General Rodr\u00edguez, quien brindaba protecci\u00f3n pol\u00edtica a los involucrados en el negocio.<\/p>\n<p>De todas formas, seg\u00fan supo NA de fuentes judiciales, el detenido subray\u00f3 que \u00abno conoce\u00bb personalmente al exfuncionario nacional, quien tambi\u00e9n fue relacionado con el tr\u00e1fico de efedrina por el condenado por ese triple homicidio, Mart\u00edn Lanatta.<\/p>\n<p>P\u00e9rez Corradi se expres\u00f3 as\u00ed al prestar declaraci\u00f3n indagatoria por m\u00e1s de cuatro horas ante Servini de Cubr\u00eda en el edificio Centinela de la Gendarmer\u00eda Nacional, en Retiro, donde se encuentra detenido desde este mi\u00e9rcoles, tras ser extraditado<br \/>\ndesde Paraguay.<\/p>\n<p>La magistrada interrog\u00f3 al exempresario farmac\u00e9utico por el triple crimen de General Rodr\u00edguez, del que est\u00e1 se\u00f1alado como presunto autor intelectual, y por el tr\u00e1fico de efedrina, causa en la que tambi\u00e9n esta involucrado.<\/p>\n<p>En ese sentido, fuentes judiciales informaron a NA que P\u00e9rez Corradi se despeg\u00f3 del tr\u00e1fico de efedrina y se declar\u00f3 inocente de los asesinatos de Sebasti\u00e1n Forza, Dami\u00e1n Ferr\u00f3n y Leopoldo<br \/>\nBina, ocurridos en 2008.<\/p>\n<p>En principio, el detenido iba a ser traslado a los tribunales federales de Comodoro Py 2002 para la indagatoria, pero luego por recomendaci\u00f3n del gobierno nacional fueron la jueza y el fiscal Juan Pedro Zoni quienes se dirigieron hacia el edificio Centinela, ubicado a unas seis cuadras del lugar.<\/p>\n<p>La ministra de Seguridad, Patricia Bullrich, justific\u00f3 la medida y se\u00f1al\u00f3 que \u00abno es una exageraci\u00f3n, sino medidas de precauci\u00f3n\u00bb.<\/p>\n<p>\u00abNo estamos exagerando, estamos tomando las medidas de precauci\u00f3n y seguridad para una persona, un delincuente, un imputado que estuvo cuatro a\u00f1os escondi\u00e9ndose de la Justicia, que tuvo protecci\u00f3n, que se permiti\u00f3 caminar por las calles con total tranquilidad y eso implica que puede haber grupos o sectores que antes lo protegieron que podr\u00edan haber hecho lo mismo ahora\u00bb, resalt\u00f3 la funcionaria en di\u00e1logo con radio Mitre.<\/p>\n<p>Tras la declaraci\u00f3n, el abogado Carlos Broitman consider\u00f3 que los dichos de su defendido \u00abfueron contundentes\u00bb y que dio \u00abrespuesta a todas las preguntas de la jueza\u00bb. \u00abHa ampliado algunas cuestiones y ha dicho que es inocente por el triple crimen\u00bb de General Rodr\u00edguez, subray\u00f3 Broitman ante la prensa.<\/p>\n<p>Por su parte, el otro abogado de P\u00e9rez Corradi, Juan Jos\u00e9 Ribelli, explic\u00f3 que la declaraci\u00f3n no finaliz\u00f3, sino que \u00abse suspendi\u00f3 y continuar\u00e1 este jueves o el lunes\u00bb pr\u00f3ximo.<\/p>\n<p>\u00abCon lo que ha declarado hoy, con m\u00e1s raz\u00f3n, pedimos que se aplique el programa a testigos, porque la gravedad de lo que viene declarando as\u00ed lo amerita\u00bb, subray\u00f3 el letrado, al referirse al pedido que hizo su defendido para que tanto \u00e9l como su familiar<br \/>\nsean protegidos por el Estado.<\/p>\n<p>Este mi\u00e9rcoles en el edificio Centinela P\u00e9rez Corradi se reencontr\u00f3 con su familia argentina, a la que no ve\u00eda desde que se dio a la fuga en 2012, relat\u00f3 Broitman.<\/p>\n<p>El detenido reclama ingresar al Programa de Protecci\u00f3n de Testigos e Imputados del Ministerio de Justicia, para que se garantice su seguridad y la de la familia que tiene en el pa\u00eds y la de Paraguay, donde mientras estuvo pr\u00f3fugo tuvo dos hijos.<\/p>\n","protected":false},"excerpt":{"rendered":"<p>\u00a0 As\u00ed lo manifest\u00f3 el acusado de ser el cerebro del triple crimen de la efedrina. Declar\u00f3 durante varias horas ante la jueza Servini de Cubr\u00eda, que investiga la mafia de los medicamentos.\u00a0\u00a0\u00a0 Al prestar declaraci\u00f3n indagatoria ante la jueza federal Mar\u00eda Servini de Cubr\u00eda, el detenido Ibar P\u00e9rez Corradi vincul\u00f3 hoy con el tr\u00e1fico&hellip;<\/p>\n","protected":false},"author":1,"featured_media":0,"comment_status":"open","ping_status":"open","sticky":false,"template":"","format":"standard","meta":{"footnotes":""},"categories":[20],"tags":[130,1317,23813,23886,1312,1468],"class_list":["post-60561","post","type-post","status-publish","format-standard","hentry","category-judiciales","tag-anibal-fernandez","tag-general-rodriguez","tag-ibar-perez-corradi","tag-la-morsa","tag-martin-lanatta","tag-triple-crimen"],"_links":{"self":[{"href":"https:\/\/www.elsindical.com.ar\/notas\/wp-json\/wp\/v2\/posts\/60561","targetHints":{"allow":["GET"]}}],"collection":[{"href":"https:\/\/www.elsindical.com.ar\/notas\/wp-json\/wp\/v2\/posts"}],"about":[{"href":"https:\/\/www.elsindical.com.ar\/notas\/wp-json\/wp\/v2\/types\/post"}],"author":[{"embeddable":true,"href":"https:\/\/www.elsindical.com.ar\/notas\/wp-json\/wp\/v2\/users\/1"}],"replies":[{"embeddable":true,"href":"https:\/\/www.elsindical.com.ar\/notas\/wp-json\/wp\/v2\/comments?post=60561"}],"version-history":[{"count":1,"href":"https:\/\/www.elsindical.com.ar\/notas\/wp-json\/wp\/v2\/posts\/60561\/revisions"}],"predecessor-version":[{"id":60562,"href":"https:\/\/www.elsindical.com.ar\/notas\/wp-json\/wp\/v2\/posts\/60561\/revisions\/60562"}],"wp:attachment":[{"href":"https:\/\/www.elsindical.com.ar\/notas\/wp-json\/wp\/v2\/media?parent=60561"}],"wp:term":[{"taxonomy":"category","embeddable":true,"href":"https:\/\/www.elsindical.com.ar\/notas\/wp-json\/wp\/v2\/categories?post=60561"},{"taxonomy":"post_tag","embeddable":true,"href":"https:\/\/www.elsindical.com.ar\/notas\/wp-json\/wp\/v2\/tags?post=60561"}],"curies":[{"name":"wp","href":"https:\/\/api.w.org\/{rel}","templated":true}]}}