{"id":60555,"date":"2016-07-06T00:20:55","date_gmt":"2016-07-06T03:20:55","guid":{"rendered":"http:\/\/www.elsindical.com.ar\/notas\/?p=60555"},"modified":"2016-07-06T00:20:55","modified_gmt":"2016-07-06T03:20:55","slug":"desplazan-a-un-cura-acusado-de-pedir-drogas-y-prostitutas","status":"publish","type":"post","link":"https:\/\/www.elsindical.com.ar\/notas\/desplazan-a-un-cura-acusado-de-pedir-drogas-y-prostitutas\/","title":{"rendered":"Desplazan a un cura acusado de pedir \u201cdrogas y prostitutas\u201d"},"content":{"rendered":"<p><strong><a href=\"http:\/\/www.elsindical.com.ar\/notas\/var\/www\/html\/notas\/wp-content\/uploads\/2016\/07\/N\u00e9stor-Daniel-Camagna.jpg\"><img loading=\"lazy\" decoding=\"async\" class=\"alignnone size-medium wp-image-60556\" src=\"http:\/\/www.elsindical.com.ar\/notas\/var\/www\/html\/notas\/wp-content\/uploads\/2016\/07\/N\u00e9stor-Daniel-Camagna-300x169.jpg\" alt=\"N\u00e9stor-Daniel-Camagna\" width=\"300\" height=\"169\" srcset=\"https:\/\/www.elsindical.com.ar\/notas\/var\/www\/html\/notas\/wp-content\/uploads\/2016\/07\/N\u00e9stor-Daniel-Camagna-300x169.jpg 300w, https:\/\/www.elsindical.com.ar\/notas\/var\/www\/html\/notas\/wp-content\/uploads\/2016\/07\/N\u00e9stor-Daniel-Camagna-500x281.jpg 500w, https:\/\/www.elsindical.com.ar\/notas\/var\/www\/html\/notas\/wp-content\/uploads\/2016\/07\/N\u00e9stor-Daniel-Camagna.jpg 620w\" sizes=\"auto, (max-width: 300px) 100vw, 300px\" \/><\/a>El Obispado de la ciudad bonaerense 9 de Julio desplaz\u00f3 al sacerdote N\u00e9stor Daniel Camagna de la iglesia de Henderson<\/strong><span class=\"Apple-converted-space\">\u00a0<\/span>y comenz\u00f3 una investigaci\u00f3n interna despu\u00e9s de que trascendiera que el p\u00e1rroco<span class=\"Apple-converted-space\">\u00a0<\/span><strong>busc\u00f3 drogas y prostitutas en una visita a Pehuaj\u00f3.<\/strong><\/p>\n<p>La decisi\u00f3n se dio tras la denuncia planteada por el sitio Henderson Online. Seg\u00fan public\u00f3, la madrugada del 27 de junio el 911 local recibi\u00f3 la llamada de una mujer para denunciar que a su hijo de 16 a\u00f1os lo hab\u00eda interceptado un hombre de unos 45 a\u00f1os, \u201cen un veh\u00edculo Corsa de Color gris\u201d y que el conductor les pregunt\u00f3 \u201cc\u00f3mo era la noche de Pehuaj\u00f3 y d\u00f3nde pod\u00eda conseguir drogas y prostitutas\u201d.<\/p>\n<p><strong>Camagna reemplazaba en Henderson al sacerdote Tomasz Wargoski, qui\u00e9n est\u00e1 de vacaciones en su pa\u00eds natal, Polonia.<\/strong><\/p>\n","protected":false},"excerpt":{"rendered":"<p>El Obispado de la ciudad bonaerense 9 de Julio desplaz\u00f3 al sacerdote N\u00e9stor Daniel Camagna de la iglesia de Henderson\u00a0y comenz\u00f3 una investigaci\u00f3n interna despu\u00e9s de que trascendiera que el p\u00e1rroco\u00a0busc\u00f3 drogas y prostitutas en una visita a Pehuaj\u00f3. La decisi\u00f3n se dio tras la denuncia planteada por el sitio Henderson Online. Seg\u00fan public\u00f3, la&hellip;<\/p>\n","protected":false},"author":1,"featured_media":0,"comment_status":"open","ping_status":"open","sticky":false,"template":"","format":"standard","meta":{"footnotes":""},"categories":[25],"tags":[836,614,12562,23884],"class_list":["post-60555","post","type-post","status-publish","format-standard","hentry","category-sociedad","tag-9-de-julio","tag-614","tag-henderson","tag-nestor-daniel-camagna"],"_links":{"self":[{"href":"https:\/\/www.elsindical.com.ar\/notas\/wp-json\/wp\/v2\/posts\/60555","targetHints":{"allow":["GET"]}}],"collection":[{"href":"https:\/\/www.elsindical.com.ar\/notas\/wp-json\/wp\/v2\/posts"}],"about":[{"href":"https:\/\/www.elsindical.com.ar\/notas\/wp-json\/wp\/v2\/types\/post"}],"author":[{"embeddable":true,"href":"https:\/\/www.elsindical.com.ar\/notas\/wp-json\/wp\/v2\/users\/1"}],"replies":[{"embeddable":true,"href":"https:\/\/www.elsindical.com.ar\/notas\/wp-json\/wp\/v2\/comments?post=60555"}],"version-history":[{"count":1,"href":"https:\/\/www.elsindical.com.ar\/notas\/wp-json\/wp\/v2\/posts\/60555\/revisions"}],"predecessor-version":[{"id":60557,"href":"https:\/\/www.elsindical.com.ar\/notas\/wp-json\/wp\/v2\/posts\/60555\/revisions\/60557"}],"wp:attachment":[{"href":"https:\/\/www.elsindical.com.ar\/notas\/wp-json\/wp\/v2\/media?parent=60555"}],"wp:term":[{"taxonomy":"category","embeddable":true,"href":"https:\/\/www.elsindical.com.ar\/notas\/wp-json\/wp\/v2\/categories?post=60555"},{"taxonomy":"post_tag","embeddable":true,"href":"https:\/\/www.elsindical.com.ar\/notas\/wp-json\/wp\/v2\/tags?post=60555"}],"curies":[{"name":"wp","href":"https:\/\/api.w.org\/{rel}","templated":true}]}}