{"id":60537,"date":"2016-07-05T11:16:28","date_gmt":"2016-07-05T14:16:28","guid":{"rendered":"http:\/\/www.elsindical.com.ar\/notas\/?p=60537"},"modified":"2016-07-05T15:51:48","modified_gmt":"2016-07-05T18:51:48","slug":"lomas-de-zamora-dos-detenidos-por-robo-calificado-y-tenencia-de-arma-de-guerra-modalidad-entradera","status":"publish","type":"post","link":"https:\/\/www.elsindical.com.ar\/notas\/lomas-de-zamora-dos-detenidos-por-robo-calificado-y-tenencia-de-arma-de-guerra-modalidad-entradera\/","title":{"rendered":"Lomas de Zamora: Dos detenidos por robo calificado y tenencia de arma de guerra, modalidad entradera"},"content":{"rendered":"<p><a href=\"http:\/\/distritalavellaneda.com.ar\/wp-content\/uploads\/2016\/07\/det-entradero-LZ.jpg\"><img loading=\"lazy\" decoding=\"async\" class=\"alignnone size-medium wp-image-8042\" src=\"http:\/\/distritalavellaneda.com.ar\/wp-content\/uploads\/2016\/07\/det-entradero-LZ-169x300.jpg\" alt=\"det entradero LZ\" width=\"169\" height=\"300\" \/><\/a>Fecha Zona 09 Capit\u00e1n Cariatti y Oficial Lezcano pertenecientes al Comando de Patrullas Lomas de Zamora, concurren a calle Saenz\u00a0 al 1300de este medio, en virtud de que en el lugar hab\u00eda un robo en proceso de una finca. En el lugar a su arribo avistan a los malvivientes saliendo del domicilio, donde fugan con rodado marca Chevrolet Corsa, ptte OTP 113, lesionando en forma leve en su huida a Cariati en una de sus piernas, motivo de ello se inicia una persecuci\u00f3n que finaliza en calle Colombres entre Frias y Garona de este medio, donde se procede a aprehender a dos sujetos DELUCA DANIEL EMANUEL de 31 a\u00f1os y DELUCA ESTEBAN GABRIEL de 26 a\u00f1os de edad, y a la incautacion de dos armas de fuego, ambas calibres cuarenta mil\u00edmetros marca Bersa numeraciones 454891 y la restante con numeraci\u00f3n suprimida, como as\u00ed tambi\u00e9n dos handy los cuales estaban en capa de Lomas de Zamora. V\u00edctima identificada como OSCAR H\u00c9CTOR Z., argentino de 58 a\u00f1os, comerciante, quien se encuentra ileso sin lesiones, manifestando que ingresaron a la vivienda tres masculinos armados con fines de robo. Consultado UFI N\u00ba 3 Dr. Toneguzzo dispuso Robo Calificado &#8211; Tenencia de Arma de Guerra, y que los mismos comparezcan a sede ,judicial en el d\u00eda de ma\u00f1ana. Hugo Guti\u00e9rrez &#8211; Comisario.<\/p>\n<p>&nbsp;<\/p>\n<p><strong>Fuente: <a href=\"http:\/\/departamentalavellanedalanuslomas.blogspot.com.ar\/\">Jefatura Departamental Avellaneda-Lan\u00fas-Lomas<\/a><\/strong><\/p>\n","protected":false},"excerpt":{"rendered":"<p>Fecha Zona 09 Capit\u00e1n Cariatti y Oficial Lezcano pertenecientes al Comando de Patrullas Lomas de Zamora, concurren a calle Saenz\u00a0 al 1300de este medio, en virtud de que en el lugar hab\u00eda un robo en proceso de una finca. En el lugar a su arribo avistan a los malvivientes saliendo del domicilio, donde fugan con&hellip;<\/p>\n","protected":false},"author":1,"featured_media":0,"comment_status":"open","ping_status":"open","sticky":false,"template":"","format":"standard","meta":{"footnotes":""},"categories":[22],"tags":[22301,11792,23879,23294,23878],"class_list":["post-60537","post","type-post","status-publish","format-standard","hentry","category-policiales","tag-comisario-mayor-javier-carlos-villar","tag-entradera","tag-handy","tag-jefatura-departamental-avellaneda-lanus-lomas","tag-portacion-ilegal-arma-de-guerra"],"_links":{"self":[{"href":"https:\/\/www.elsindical.com.ar\/notas\/wp-json\/wp\/v2\/posts\/60537","targetHints":{"allow":["GET"]}}],"collection":[{"href":"https:\/\/www.elsindical.com.ar\/notas\/wp-json\/wp\/v2\/posts"}],"about":[{"href":"https:\/\/www.elsindical.com.ar\/notas\/wp-json\/wp\/v2\/types\/post"}],"author":[{"embeddable":true,"href":"https:\/\/www.elsindical.com.ar\/notas\/wp-json\/wp\/v2\/users\/1"}],"replies":[{"embeddable":true,"href":"https:\/\/www.elsindical.com.ar\/notas\/wp-json\/wp\/v2\/comments?post=60537"}],"version-history":[{"count":2,"href":"https:\/\/www.elsindical.com.ar\/notas\/wp-json\/wp\/v2\/posts\/60537\/revisions"}],"predecessor-version":[{"id":60544,"href":"https:\/\/www.elsindical.com.ar\/notas\/wp-json\/wp\/v2\/posts\/60537\/revisions\/60544"}],"wp:attachment":[{"href":"https:\/\/www.elsindical.com.ar\/notas\/wp-json\/wp\/v2\/media?parent=60537"}],"wp:term":[{"taxonomy":"category","embeddable":true,"href":"https:\/\/www.elsindical.com.ar\/notas\/wp-json\/wp\/v2\/categories?post=60537"},{"taxonomy":"post_tag","embeddable":true,"href":"https:\/\/www.elsindical.com.ar\/notas\/wp-json\/wp\/v2\/tags?post=60537"}],"curies":[{"name":"wp","href":"https:\/\/api.w.org\/{rel}","templated":true}]}}