{"id":60536,"date":"2016-07-05T12:30:00","date_gmt":"2016-07-05T15:30:00","guid":{"rendered":"http:\/\/www.elsindical.com.ar\/notas\/?p=60536"},"modified":"2016-07-05T12:30:00","modified_gmt":"2016-07-05T15:30:00","slug":"lomas-de-zamora-un-detenido-por-portacion-de-arma-de-uso-civil-y-tenencia-de-drogas","status":"publish","type":"post","link":"https:\/\/www.elsindical.com.ar\/notas\/lomas-de-zamora-un-detenido-por-portacion-de-arma-de-uso-civil-y-tenencia-de-drogas\/","title":{"rendered":"Lomas de Zamora: Un detenido por portaci\u00f3n de arma de uso civil y tenencia de drogas"},"content":{"rendered":"<p><a href=\"http:\/\/distritalavellaneda.com.ar\/wp-content\/uploads\/2016\/07\/sec-drogas-y-arma-dest-Villa-Rita-1.jpg\"><img loading=\"lazy\" decoding=\"async\" class=\"alignnone size-medium wp-image-8038\" src=\"http:\/\/distritalavellaneda.com.ar\/wp-content\/uploads\/2016\/07\/sec-drogas-y-arma-dest-Villa-Rita-1-300x225.jpg\" alt=\"sec-drogas-y-arma-dest-Villa-Rita-1\" width=\"300\" height=\"225\" \/><\/a>Cumplo en llevar a conocimiento del Sr. Jefe que en el d\u00eda de la fecha personal de Servicio Externo, de este Destacamento, se encontraba recorriendo la cuadricula 47 en prevenci\u00f3n de delitos y operativo ordenado por la superioridad, plan Director, es que al llegar a la intersecci\u00f3n de la calles Trelles y Parral de este medio, observan la presencia de una persona del sexo masculino, que se desplazaba caminando en sentido hacia el m\u00f3vil, y al percatarse de la presencia policial, retoma sobre sus pasos, tom\u00e1ndose su cintura, acelerando cada vez m\u00e1s su marcha, actitud que llamo la atenci\u00f3n de los uniformados, por tal motivo se dirigieron a interceptarlo, quien comenz\u00f3 a darse a la fuga a la carrera, siendo interceptado a los pocos metros, a quien en presencia de testigos, se le procedi\u00f3 al secuestro de entre sus ropas, una pistola calibre 22 con marca y numeraci\u00f3n suprimida, y una bolsa de nylon transparente, la cual en su interior conten\u00eda 50 envoltorios de nylon de color negros, los cuales en su interior conten\u00eda Coca\u00edna (pasta base PACO), por un peso de 24 gramos, y al secuestro de dinero en efectivo en cambio, moneda de baja denominaci\u00f3n por un monto total de 500 pesos, luego se procedi\u00f3 a la identificaci\u00f3n del masculino que refiri\u00f3 llamarse ROJAS FABI\u00c1N ALBERTO, (cuya dem\u00e1s circunstancias personales son de conocimiento en autos).<\/p>\n<p>Mantenida comunicaci\u00f3n telef\u00f3nica con la Fiscal\u00eda de intervenci\u00f3n en turno, Dra. Medrano, quien interiorizada de lo sucedido, misma dispuso se labren actuaciones bajo car\u00e1tula de ep\u00edgrafe, se lo notifique de la formaci\u00f3n de la presente causa por el delito de ep\u00edgrafe, y que sea trasladado en el dia de ma\u00f1ana a sede Judicial, juntamente con testigo.<\/p>\n<p><a href=\"http:\/\/distritalavellaneda.com.ar\/wp-content\/uploads\/2016\/07\/sec-drogas-y-arma-dest-Villa-Rita-2.jpg\"><img loading=\"lazy\" decoding=\"async\" class=\"alignnone size-medium wp-image-8039\" src=\"http:\/\/distritalavellaneda.com.ar\/wp-content\/uploads\/2016\/07\/sec-drogas-y-arma-dest-Villa-Rita-2-300x169.jpg\" alt=\"sec-drogas-y-arma-dest-Villa-Rita-2\" width=\"300\" height=\"169\" \/><\/a> <a href=\"http:\/\/distritalavellaneda.com.ar\/wp-content\/uploads\/2016\/07\/sec-drogas-y-arma-dest-Villa-Rita-3.jpg\"><img loading=\"lazy\" decoding=\"async\" class=\"alignnone size-medium wp-image-8037\" src=\"http:\/\/distritalavellaneda.com.ar\/wp-content\/uploads\/2016\/07\/sec-drogas-y-arma-dest-Villa-Rita-3-225x300.jpg\" alt=\"sec-drogas-y-arma-dest-Villa-Rita-3\" width=\"225\" height=\"300\" \/><\/a><\/p>\n<p><strong>Fuente: Jefatura Departamental Avellaneda-Lan\u00fas.<\/strong><\/p>\n","protected":false},"excerpt":{"rendered":"<p>Cumplo en llevar a conocimiento del Sr. Jefe que en el d\u00eda de la fecha personal de Servicio Externo, de este Destacamento, se encontraba recorriendo la cuadricula 47 en prevenci\u00f3n de delitos y operativo ordenado por la superioridad, plan Director, es que al llegar a la intersecci\u00f3n de la calles Trelles y Parral de este&hellip;<\/p>\n","protected":false},"author":1,"featured_media":0,"comment_status":"open","ping_status":"open","sticky":false,"template":"","format":"standard","meta":{"footnotes":""},"categories":[22],"tags":[387,22301,382,23294],"class_list":["post-60536","post","type-post","status-publish","format-standard","hentry","category-policiales","tag-arma","tag-comisario-mayor-javier-carlos-villar","tag-drogas","tag-jefatura-departamental-avellaneda-lanus-lomas"],"_links":{"self":[{"href":"https:\/\/www.elsindical.com.ar\/notas\/wp-json\/wp\/v2\/posts\/60536","targetHints":{"allow":["GET"]}}],"collection":[{"href":"https:\/\/www.elsindical.com.ar\/notas\/wp-json\/wp\/v2\/posts"}],"about":[{"href":"https:\/\/www.elsindical.com.ar\/notas\/wp-json\/wp\/v2\/types\/post"}],"author":[{"embeddable":true,"href":"https:\/\/www.elsindical.com.ar\/notas\/wp-json\/wp\/v2\/users\/1"}],"replies":[{"embeddable":true,"href":"https:\/\/www.elsindical.com.ar\/notas\/wp-json\/wp\/v2\/comments?post=60536"}],"version-history":[{"count":1,"href":"https:\/\/www.elsindical.com.ar\/notas\/wp-json\/wp\/v2\/posts\/60536\/revisions"}],"predecessor-version":[{"id":60539,"href":"https:\/\/www.elsindical.com.ar\/notas\/wp-json\/wp\/v2\/posts\/60536\/revisions\/60539"}],"wp:attachment":[{"href":"https:\/\/www.elsindical.com.ar\/notas\/wp-json\/wp\/v2\/media?parent=60536"}],"wp:term":[{"taxonomy":"category","embeddable":true,"href":"https:\/\/www.elsindical.com.ar\/notas\/wp-json\/wp\/v2\/categories?post=60536"},{"taxonomy":"post_tag","embeddable":true,"href":"https:\/\/www.elsindical.com.ar\/notas\/wp-json\/wp\/v2\/tags?post=60536"}],"curies":[{"name":"wp","href":"https:\/\/api.w.org\/{rel}","templated":true}]}}