{"id":60534,"date":"2016-07-04T22:45:53","date_gmt":"2016-07-05T01:45:53","guid":{"rendered":"http:\/\/www.elsindical.com.ar\/notas\/?p=60534"},"modified":"2016-07-04T22:45:53","modified_gmt":"2016-07-05T01:45:53","slug":"condenan-a-patota-de-la-uocra-por-crimen-premeditado","status":"publish","type":"post","link":"https:\/\/www.elsindical.com.ar\/notas\/condenan-a-patota-de-la-uocra-por-crimen-premeditado\/","title":{"rendered":"Condenan a patota de la UOCRA por crimen premeditado"},"content":{"rendered":"<p><a href=\"http:\/\/www.elsindical.com.ar\/notas\/var\/www\/html\/notas\/wp-content\/uploads\/2015\/02\/Justicia-Dar\u00edo-Avalos.jpg\"><img loading=\"lazy\" decoding=\"async\" class=\"alignnone size-medium wp-image-49405\" src=\"http:\/\/www.elsindical.com.ar\/notas\/var\/www\/html\/notas\/wp-content\/uploads\/2015\/02\/Justicia-Dar\u00edo-Avalos-300x225.jpg\" alt=\"Justicia-Dar\u00edo-Avalos\" width=\"300\" height=\"225\" srcset=\"https:\/\/www.elsindical.com.ar\/notas\/var\/www\/html\/notas\/wp-content\/uploads\/2015\/02\/Justicia-Dar\u00edo-Avalos-300x225.jpg 300w, https:\/\/www.elsindical.com.ar\/notas\/var\/www\/html\/notas\/wp-content\/uploads\/2015\/02\/Justicia-Dar\u00edo-Avalos-399x300.jpg 399w, https:\/\/www.elsindical.com.ar\/notas\/var\/www\/html\/notas\/wp-content\/uploads\/2015\/02\/Justicia-Dar\u00edo-Avalos.jpg 502w\" sizes=\"auto, (max-width: 300px) 100vw, 300px\" \/><\/a>En la tarde del viernes 1 de julio, un jurado <strong>conden\u00f3 a todos los imputados por el crimen de Dar\u00edo Avalos, asesinado por un ataque de una patota de la UOCRA en Lomas de Zamora hace dos a\u00f1os<\/strong>. (<a href=\"https:\/\/www.youtube.com\/watch?v=4qcrquLqhPc\">https:\/\/www.youtube.com\/watch?v=4qcrquLqhPc<\/a>)<\/p>\n<p>\u00c1valos era obrero de la construcci\u00f3n. Fue asesinado mientras participaba de un reclamo por puestos de trabajo <strong>frente a una obra de la constructora Esuco S.A., de Carlos Wagner<\/strong>, elegido por Cristina para las obras p\u00fablicas.<\/p>\n<p>El jurado dio por acreditada la existencia de un <strong>plan criminal<\/strong>, dado que la patota esper\u00f3 para actuar dentro de la obra desde la madrugada anterior. Su <strong>mentor fue Walter Leguizam\u00f3n, secretario general de la UOCRA de Lomas de Zamora, actualmente pr\u00f3fugo<\/strong>.<\/p>\n<p>Los hermanos Javier y H\u00e9ctor Cabrera -hijos del segundo de Leguizam\u00f3n- y Chuquimia Romero y C\u00e1ceres Paredes \u00a0fueron condenados por homicidio en agresi\u00f3n, con la perspectiva de una pena que va desde 2 a\u00f1os a 10 a\u00f1os. Alejandro Jara y Albero Albornoz fueron hallados culpables de homicidio agravado con el concurso premeditado de dos \u00a0o m\u00e1s personas, que prev\u00e9 la pena de prisi\u00f3n perpetua. El monto de las penas lo resuelve el presidente del tribunal despu\u00e9s de una audiencia que se realizar\u00e1 el 12 de julio. Los seis son delegados de la Uocra. Estas primeras condenas por el crimen de \u00c1valos son un <strong>golpe a la impunidad<\/strong> de la mafia que domina la UOCRA. No es menor que haya sido lograda gracias a un juicio por jurado y tras superar enorme cantidad de bloqueos y obst\u00e1culos puestos por la justicia.<\/p>\n<p>Existe tambi\u00e9n una causa por la <strong>complicidad de la polic\u00eda bonaerense<\/strong>, que liber\u00f3 la zona para el ataque de la patota y cubri\u00f3 su retirada.<\/p>\n<p>La querella de la familia de \u00c1valos fue representada por los abogados de la asociaci\u00f3n APEL, que protagonizaron tambi\u00e9n la condena a Pedraza y su patota por el crimen de Mariano Ferreyra.<\/p>\n<p>&nbsp;<\/p>\n<p>Claudia Ferrero, abogada de la familia de Avalos: 1156045905<\/p>\n","protected":false},"excerpt":{"rendered":"<p>En la tarde del viernes 1 de julio, un jurado conden\u00f3 a todos los imputados por el crimen de Dar\u00edo Avalos, asesinado por un ataque de una patota de la UOCRA en Lomas de Zamora hace dos a\u00f1os. (https:\/\/www.youtube.com\/watch?v=4qcrquLqhPc) \u00c1valos era obrero de la construcci\u00f3n. Fue asesinado mientras participaba de un reclamo por puestos de&hellip;<\/p>\n","protected":false},"author":1,"featured_media":0,"comment_status":"open","ping_status":"open","sticky":false,"template":"","format":"standard","meta":{"footnotes":""},"categories":[20],"tags":[16738,224,23877,744,3648,1228,13106],"class_list":["post-60534","post","type-post","status-publish","format-standard","hentry","category-judiciales","tag-apel","tag-condena","tag-esuco-s-a","tag-lomas-de-zamora","tag-patota","tag-uocra","tag-walter-leguizamon"],"_links":{"self":[{"href":"https:\/\/www.elsindical.com.ar\/notas\/wp-json\/wp\/v2\/posts\/60534","targetHints":{"allow":["GET"]}}],"collection":[{"href":"https:\/\/www.elsindical.com.ar\/notas\/wp-json\/wp\/v2\/posts"}],"about":[{"href":"https:\/\/www.elsindical.com.ar\/notas\/wp-json\/wp\/v2\/types\/post"}],"author":[{"embeddable":true,"href":"https:\/\/www.elsindical.com.ar\/notas\/wp-json\/wp\/v2\/users\/1"}],"replies":[{"embeddable":true,"href":"https:\/\/www.elsindical.com.ar\/notas\/wp-json\/wp\/v2\/comments?post=60534"}],"version-history":[{"count":1,"href":"https:\/\/www.elsindical.com.ar\/notas\/wp-json\/wp\/v2\/posts\/60534\/revisions"}],"predecessor-version":[{"id":60535,"href":"https:\/\/www.elsindical.com.ar\/notas\/wp-json\/wp\/v2\/posts\/60534\/revisions\/60535"}],"wp:attachment":[{"href":"https:\/\/www.elsindical.com.ar\/notas\/wp-json\/wp\/v2\/media?parent=60534"}],"wp:term":[{"taxonomy":"category","embeddable":true,"href":"https:\/\/www.elsindical.com.ar\/notas\/wp-json\/wp\/v2\/categories?post=60534"},{"taxonomy":"post_tag","embeddable":true,"href":"https:\/\/www.elsindical.com.ar\/notas\/wp-json\/wp\/v2\/tags?post=60534"}],"curies":[{"name":"wp","href":"https:\/\/api.w.org\/{rel}","templated":true}]}}