{"id":60507,"date":"2016-07-03T16:39:55","date_gmt":"2016-07-03T19:39:55","guid":{"rendered":"http:\/\/www.elsindical.com.ar\/notas\/?p=60507"},"modified":"2016-07-03T16:39:55","modified_gmt":"2016-07-03T19:39:55","slug":"el-honorable-concejo-delirante-de-avellaneda","status":"publish","type":"post","link":"https:\/\/www.elsindical.com.ar\/notas\/el-honorable-concejo-delirante-de-avellaneda\/","title":{"rendered":"El Honorable Concejo Delirante de Avellaneda"},"content":{"rendered":"<p><a href=\"http:\/\/www.elsindical.com.ar\/notas\/var\/www\/html\/notas\/wp-content\/uploads\/2016\/04\/logo-HCD-Avellaneda.jpg\"><img loading=\"lazy\" decoding=\"async\" class=\"alignnone size-medium wp-image-58803\" src=\"http:\/\/www.elsindical.com.ar\/notas\/var\/www\/html\/notas\/wp-content\/uploads\/2016\/04\/logo-HCD-Avellaneda-300x104.jpg\" alt=\"logo-HCD-Avellaneda\" width=\"300\" height=\"104\" srcset=\"https:\/\/www.elsindical.com.ar\/notas\/var\/www\/html\/notas\/wp-content\/uploads\/2016\/04\/logo-HCD-Avellaneda-300x104.jpg 300w, https:\/\/www.elsindical.com.ar\/notas\/var\/www\/html\/notas\/wp-content\/uploads\/2016\/04\/logo-HCD-Avellaneda.jpg 443w\" sizes=\"auto, (max-width: 300px) 100vw, 300px\" \/><\/a> El Honorable Concejo Deliberante de Avellaneda, ha perdido en estos \u00faltimos a\u00f1os, todo resto de honorabilidad y la conducta de los concejales se ha vuelto \u00abdelirante\u00bb, antes de enojarse les pido a los pol\u00edticos all\u00ed sentados por el mandato popular, que busquen la definici\u00f3n etimol\u00f3gica de la palabra.<\/p>\n<p>Hoy Marcelo Frecha, se preguntaba en su p\u00e1gina lo siguiente:<\/p>\n<p><strong>Que opinas del Concejo Deliberante de nuestra ciudad ?<\/strong><\/p>\n<p><strong>Solo se los ve en la calle en v\u00edsperas de elecciones o los ves todos los d\u00edas cerca del vecino ?<\/strong><\/p>\n<p><strong>Proponen<span class=\"text_exposed_show\"><span class=\"Apple-converted-space\">\u00a0<\/span>continuamente proyectos importantes o solo proponen proyectos sin trascendencia para el vecino ?<\/span><\/strong><\/p>\n<div class=\"text_exposed_show\">\n<p><strong>Controlan al Poder Ejecutivo o les son \u00fatiles ?<\/strong><\/p>\n<p><strong>Buscan el bienestar y el progreso de todos los vecinos o el propio ?<\/strong><\/p>\n<p><strong>Controlan que las c\u00e1maras de seguridad funcionen correctamente o no ?<\/strong><\/p>\n<p><strong>Controlan que las fotomultas y las multas sin talonario que se hacen en Avellaneda Centro por \u00abInspectores\u00bb de dudosa legitimidad ? Etc., Etc. , Etc.<\/strong><\/p>\n<p><strong>Cuantas preguntas , no ?<\/strong><\/p>\n<p>Al leer estas l\u00edneas en las redes sociales, no pude menos que felicitarlo, hace mucho que me hago estas y otras preguntas, pero siempre es bueno sumar y esto abre una luz de esperanza de que no todo est\u00e1 perdido, que a pesar de las diferencias que tenemos de criterio en algunos aspectos, en lo grave nos une la preocupaci\u00f3n de tener a unos se\u00f1ores sentados que solo van al lugar a pasar el tiempo lo mejor posible, a \u00abcuidar sus quintitas\u00bb y que al vecino lo ayude Dios, que ya mucho trabajo tiene.<\/p>\n<p>Es il\u00f3gica la mirada que los concejales tienen de la realidad de Avellaneda, no acompa\u00f1an ning\u00fan reclamo vecinal importante, votan proyectos sin importarles que se sepa terminan beneficiando a unos pocos y por si fuera poco, se condonan deudas ellos, sus agrupaciones, sus socios, sus conocidos, sus amigos y familiares, total lo que se condona lo terminamos pagando todos, es decir, hacen la fiesta, la disfrutan y la pagamos nosotros que ni siquiera somos invitados.<\/p>\n<p>La voracidad del intendente Jorge Ferraresi por realizar obras que no son de necesidad inmediata para los vecinos, no ha sido objetada ni se han opuesto a ellas con la fuerza necesaria, sectores como el que conduce Armando Bertolotto, H\u00e9ctor Villagra y\u00a0otros supuestos opositores, acompa\u00f1an proyectos que por s\u00ed solos son dudosos y los gastos inconsultos.<\/p>\n<p>Oportunamente nos llenaron de fuentes, de plazas millonarias en las que no se verific\u00f3 jam\u00e1s el rendimiento de gastos de las mismas, no se pidieron informes de las empresas contratadas y mucho menos, se hizo un seguimiento de los pagos que hizo la Secretar\u00eda de Obras y Servicios P\u00fablicos a cargo de Lambezat, pagos millonarios por obras que en varios casos no se hicieron o no se terminaron, no conozco a nadie que pague sin por lo menos chequear que le hayan hecho el trabajo, en Avellaneda s\u00ed pasa. Un dato curioso, en la casa de algunos que hac\u00edan reformas se vieron camiones de la firma PAVISUR, personalmente no conozco muchos particulares que puedan pagar el costo de esos camiones y con los sueldos municipales se me hace muy sospechoso.<\/p>\n<p>Peor a\u00fan, no estamos en presencia de imb\u00e9ciles que no saben administrar el dinero, que no tienen capacidad para ahorrar y alegremente despilfarran el tesoro p\u00fablico, estos mismos funcionarios, han incrementado su patrimonio de forma ostentosa e injustificada, entonces es muy llamativo que los pol\u00edticos del HCD que en campa\u00f1a saben hasta los montos de lo que comen los funcionarios, una vez en la banca no se preocupen por nada.<\/p>\n<p>Muchos vecinos vienen denunciando el abuso en el uso de los m\u00f3viles municipales, para peor el uso de ambulancias para traslado de militantes o tr\u00e1mites personales, la frutilla de la torta, que se use una de esas ambulancias para trasladar manifestantes al Aeropuerto de Ezeiza, solo para cumplir con un acto pol\u00edtico, cuando bien podr\u00eda estar la unidad a disposici\u00f3n de los vecinos.<\/p>\n<p>En un sistema de controles pol\u00edticos, como el que tiene la estructura del Estado Argentino, el no ejercer el control del otro poder pol\u00edtico es un acto claramente de corrupci\u00f3n, as\u00ed que se\u00f1ores y se\u00f1oras, dejen de vendernos espejitos de colores a los vecinos y p\u00f3nganse a trabajar, hace tiempo que el intendente y varios secretarios deber\u00edan ser interpelados y dar explicaciones sobre irregularidades que ya tienen cansados a los vecinos, la preocupaci\u00f3n pas\u00f3, los reclamos se han hecho saber en todos los medios disponibles, redes sociales, medios de prensa, notas a los medios period\u00edsticos. Ninguno de ustedes puede decir que no sabe o no se enter\u00f3, de lo contrario renuncien y dejen sus bancas a quienes tengan vocaci\u00f3n de servicio.<\/p>\n<\/div>\n<p>&nbsp;<\/p>\n<p><strong>Por Marcelo Ricardo Hawrylciw<\/strong><\/p>\n<div class=\"text_exposed_show\">\n<p>&nbsp;<\/p>\n<\/div>\n","protected":false},"excerpt":{"rendered":"<p>El Honorable Concejo Deliberante de Avellaneda, ha perdido en estos \u00faltimos a\u00f1os, todo resto de honorabilidad y la conducta de los concejales se ha vuelto \u00abdelirante\u00bb, antes de enojarse les pido a los pol\u00edticos all\u00ed sentados por el mandato popular, que busquen la definici\u00f3n etimol\u00f3gica de la palabra. Hoy Marcelo Frecha, se preguntaba en su&hellip;<\/p>\n","protected":false},"author":1,"featured_media":0,"comment_status":"open","ping_status":"open","sticky":false,"template":"","format":"standard","meta":{"footnotes":""},"categories":[10],"tags":[461,22020,16587,1062,514,986],"class_list":["post-60507","post","type-post","status-publish","format-standard","hentry","category-editorial","tag-avellaneda","tag-denuncias","tag-hcd","tag-jorge-ferraresi","tag-reclamos","tag-vecinos"],"_links":{"self":[{"href":"https:\/\/www.elsindical.com.ar\/notas\/wp-json\/wp\/v2\/posts\/60507","targetHints":{"allow":["GET"]}}],"collection":[{"href":"https:\/\/www.elsindical.com.ar\/notas\/wp-json\/wp\/v2\/posts"}],"about":[{"href":"https:\/\/www.elsindical.com.ar\/notas\/wp-json\/wp\/v2\/types\/post"}],"author":[{"embeddable":true,"href":"https:\/\/www.elsindical.com.ar\/notas\/wp-json\/wp\/v2\/users\/1"}],"replies":[{"embeddable":true,"href":"https:\/\/www.elsindical.com.ar\/notas\/wp-json\/wp\/v2\/comments?post=60507"}],"version-history":[{"count":1,"href":"https:\/\/www.elsindical.com.ar\/notas\/wp-json\/wp\/v2\/posts\/60507\/revisions"}],"predecessor-version":[{"id":60508,"href":"https:\/\/www.elsindical.com.ar\/notas\/wp-json\/wp\/v2\/posts\/60507\/revisions\/60508"}],"wp:attachment":[{"href":"https:\/\/www.elsindical.com.ar\/notas\/wp-json\/wp\/v2\/media?parent=60507"}],"wp:term":[{"taxonomy":"category","embeddable":true,"href":"https:\/\/www.elsindical.com.ar\/notas\/wp-json\/wp\/v2\/categories?post=60507"},{"taxonomy":"post_tag","embeddable":true,"href":"https:\/\/www.elsindical.com.ar\/notas\/wp-json\/wp\/v2\/tags?post=60507"}],"curies":[{"name":"wp","href":"https:\/\/api.w.org\/{rel}","templated":true}]}}