{"id":60504,"date":"2016-07-03T14:31:18","date_gmt":"2016-07-03T17:31:18","guid":{"rendered":"http:\/\/www.elsindical.com.ar\/notas\/?p=60504"},"modified":"2016-07-03T14:31:18","modified_gmt":"2016-07-03T17:31:18","slug":"estaciones-saludables-del-gobierno-de-la-ciudad","status":"publish","type":"post","link":"https:\/\/www.elsindical.com.ar\/notas\/estaciones-saludables-del-gobierno-de-la-ciudad\/","title":{"rendered":"Estaciones saludables del Gobierno de la Ciudad"},"content":{"rendered":"<p><a href=\"http:\/\/www.elsindical.com.ar\/notas\/var\/www\/html\/notas\/wp-content\/uploads\/2016\/07\/estaci\u00f3n-saludable-BA.jpg\"><img loading=\"lazy\" decoding=\"async\" class=\"alignnone size-medium wp-image-60505\" src=\"http:\/\/www.elsindical.com.ar\/notas\/var\/www\/html\/notas\/wp-content\/uploads\/2016\/07\/estaci\u00f3n-saludable-BA-300x225.jpg\" alt=\"estaci\u00f3n-saludable-BA\" width=\"300\" height=\"225\" srcset=\"https:\/\/www.elsindical.com.ar\/notas\/var\/www\/html\/notas\/wp-content\/uploads\/2016\/07\/estaci\u00f3n-saludable-BA-300x225.jpg 300w, https:\/\/www.elsindical.com.ar\/notas\/var\/www\/html\/notas\/wp-content\/uploads\/2016\/07\/estaci\u00f3n-saludable-BA-400x300.jpg 400w, https:\/\/www.elsindical.com.ar\/notas\/var\/www\/html\/notas\/wp-content\/uploads\/2016\/07\/estaci\u00f3n-saludable-BA.jpg 620w\" sizes=\"auto, (max-width: 300px) 100vw, 300px\" \/><\/a>\u00a0 El s\u00e1bado 2 de julio, conoc\u00ed el funcionamiento y al personal que atiende a los vecinos y ocasionales visitantes de la Ciudad de Buenos Aires, de las denominadas \u00abestaciones de salud\u00bb, en este caso la que se encuentra en el interior del Parque Centenario en el barrio de Villa Crespo.<\/p>\n<p>La atenci\u00f3n de los profesionales es excelente, muy buen trato, explican con detalles los procedimientos y cargan una base de datos del atendido con los ex\u00e1menes realizados y sus resultados, los cuales luego env\u00edan a la casilla de mail del paciente para que lo informe a su m\u00e9dico de cabecera. Tambi\u00e9n hay una nutricionista que explica la forma de alimentarse sano para los hipertensos y diab\u00e9ticos, entregando folleter\u00eda para recordar las recomendaciones. Finalmente se entrega una ficha para poder extraer de una m\u00e1quina que se encuentra en el interior, la fruta que uno prefiera, en este caso una manzana roja, de excelente calidad.<\/p>\n<p>Personalmente recomiendo a los que hace mucho no se hacen un examen que pasen a controlarse, a escuchar los consejos de los profesionales y felicito al Gobierno de la Ciudad por esta iniciativa sana de prevenci\u00f3n de la salud.<\/p>\n<p>&nbsp;<\/p>\n<p><strong>Por Marcelo Ricardo Hawrylciw<\/strong><\/p>\n","protected":false},"excerpt":{"rendered":"<p>\u00a0 El s\u00e1bado 2 de julio, conoc\u00ed el funcionamiento y al personal que atiende a los vecinos y ocasionales visitantes de la Ciudad de Buenos Aires, de las denominadas \u00abestaciones de salud\u00bb, en este caso la que se encuentra en el interior del Parque Centenario en el barrio de Villa Crespo. La atenci\u00f3n de los&hellip;<\/p>\n","protected":false},"author":1,"featured_media":0,"comment_status":"open","ping_status":"open","sticky":false,"template":"","format":"standard","meta":{"footnotes":""},"categories":[10],"tags":[23869,1011,3148,22031,1607],"class_list":["post-60504","post","type-post","status-publish","format-standard","hentry","category-editorial","tag-estacion-saludable","tag-gobierno-de-la-ciudad","tag-parque-centenario","tag-salud","tag-villa-crespo"],"_links":{"self":[{"href":"https:\/\/www.elsindical.com.ar\/notas\/wp-json\/wp\/v2\/posts\/60504","targetHints":{"allow":["GET"]}}],"collection":[{"href":"https:\/\/www.elsindical.com.ar\/notas\/wp-json\/wp\/v2\/posts"}],"about":[{"href":"https:\/\/www.elsindical.com.ar\/notas\/wp-json\/wp\/v2\/types\/post"}],"author":[{"embeddable":true,"href":"https:\/\/www.elsindical.com.ar\/notas\/wp-json\/wp\/v2\/users\/1"}],"replies":[{"embeddable":true,"href":"https:\/\/www.elsindical.com.ar\/notas\/wp-json\/wp\/v2\/comments?post=60504"}],"version-history":[{"count":1,"href":"https:\/\/www.elsindical.com.ar\/notas\/wp-json\/wp\/v2\/posts\/60504\/revisions"}],"predecessor-version":[{"id":60506,"href":"https:\/\/www.elsindical.com.ar\/notas\/wp-json\/wp\/v2\/posts\/60504\/revisions\/60506"}],"wp:attachment":[{"href":"https:\/\/www.elsindical.com.ar\/notas\/wp-json\/wp\/v2\/media?parent=60504"}],"wp:term":[{"taxonomy":"category","embeddable":true,"href":"https:\/\/www.elsindical.com.ar\/notas\/wp-json\/wp\/v2\/categories?post=60504"},{"taxonomy":"post_tag","embeddable":true,"href":"https:\/\/www.elsindical.com.ar\/notas\/wp-json\/wp\/v2\/tags?post=60504"}],"curies":[{"name":"wp","href":"https:\/\/api.w.org\/{rel}","templated":true}]}}