{"id":6042,"date":"2010-04-30T16:31:09","date_gmt":"2010-04-30T19:31:09","guid":{"rendered":"http:\/\/www.elsindical.com.ar\/notas\/?p=6042"},"modified":"2010-04-30T16:31:09","modified_gmt":"2010-04-30T19:31:09","slug":"palermo-la-policia-investiga-el-secuestro-de-un-hombre-su-hija-y-una-amiga","status":"publish","type":"post","link":"https:\/\/www.elsindical.com.ar\/notas\/palermo-la-policia-investiga-el-secuestro-de-un-hombre-su-hija-y-una-amiga\/","title":{"rendered":"Palermo: La polic\u00eda investiga el secuestro de un hombre su hija y una amiga"},"content":{"rendered":"<p style=\"text-align: justify;\"><em><a href=\"http:\/\/www.elsindical.com.ar\/notas\/var\/www\/html\/notas\/wp-content\/uploads\/2010\/04\/apuntado-con-un-arma.jpg\"><img loading=\"lazy\" decoding=\"async\" class=\"alignleft size-full wp-image-6043\" title=\"apuntado-con-un-arma\" src=\"http:\/\/www.elsindical.com.ar\/notas\/var\/www\/html\/notas\/wp-content\/uploads\/2010\/04\/apuntado-con-un-arma.jpg\" alt=\"\" width=\"255\" height=\"129\" \/><\/a>Dos mujeres fueron v\u00edctimas de un secuestro expr\u00e9s, al igual que el padre de una de ellas, capturado cuando iba a pagar el rescate, aunque finalmente los tres resultaron liberados por sus captores, sanos y salvos.<br \/>\n<\/em><br \/>\nMientras tanto, los delincuentes escaparon con el dinero del rescate que les entreg\u00f3 el padre de una de las mujeres, y hasta el momento permanec\u00edan pr\u00f3fugos.<\/p>\n<p>Las primeras informaciones dieron cuenta de que el hecho hab\u00eda sucedido en la localidad bonaerense del Talar, en el norte del conurbano, pero voceros de la Polic\u00eda bonaerense lo negaron y se\u00f1alaron que en realidad se hab\u00eda iniciado a metros de una productora de TV ubicada en la calle Mart\u00edn Coronado al 3.200, en el elegante Barrio Parque, cerca de la zona de los Bosques de Palermo.<\/p>\n<p>El hecho, por el que la Polic\u00eda buscaba esta ma\u00f1ana a tres sujetos que permanecen pr\u00f3fugos, ocurri\u00f3 el jueves, cuando las dos mujeres se desplazaban en un autom\u00f3vil Volkswagen Fox.<\/p>\n<p>En ese momento, los tres delincuentes armados que se movilizaban en otro auto interceptaron el paso del veh\u00edculo y lo abordaron, privando de la libertad a las dos ocupantes, seg\u00fan se\u00f1alaron las fuentes.<\/p>\n<p>Poco despu\u00e9s, los individuos se comunicaron telef\u00f3nicamente con los familiares de una de sus v\u00edctimas y les exigieron la entrega de una suma de dinero para liberarlas.<\/p>\n<p>Tras acordar el monto del rescate -que no trascendi\u00f3 oficialmente-, los delincuentes y familiares de las mujeres pactaron el lugar de la entrega, que deb\u00eda hacerse en la avenida M\u00e1rquez y la ruta Panamericana, en jurisdicci\u00f3n de Boulogne.<\/p>\n<p>Sin embargo, de acuerdo con lo indicado por un matutino porte\u00f1o, al llegar al lugar, el hombre encargado de llevar el dinero tambi\u00e9n fue secuestrado por los delincuentes, quienes lo intimidaron mediante la utilizaci\u00f3n de armas de fuego de grueso calibre.<\/p>\n<p>Momentos m\u00e1s tarde, ya con el dinero en su poder, los individuos liberaron a los rehenes y finalmente se dieron a la fuga.<\/p>\n<p>Ahora, la Polic\u00eda trabajaba en procura de obtener pistas que los pudieran conducir a los delincuentes, aunque hasta el momento no se hab\u00edan concretado detenciones en torno al caso, de acuerdo con lo se\u00f1alado.<\/p>\n","protected":false},"excerpt":{"rendered":"<p>Dos mujeres fueron v\u00edctimas de un secuestro expr\u00e9s, al igual que el padre de una de ellas, capturado cuando iba a pagar el rescate, aunque finalmente los tres resultaron liberados por sus captores, sanos y salvos. Mientras tanto, los delincuentes escaparon con el dinero del rescate que les entreg\u00f3 el padre de una de las&hellip;<\/p>\n","protected":false},"author":1,"featured_media":0,"comment_status":"open","ping_status":"open","sticky":false,"template":"","format":"standard","meta":{"footnotes":""},"categories":[22],"tags":[581,504,59,1337,30,503,2771],"class_list":["post-6042","post","type-post","status-publish","format-standard","hentry","category-policiales","tag-delincuentes","tag-hombre","tag-mujeres","tag-palermo","tag-policia","tag-secuestro","tag-talar-de-pacheco"],"_links":{"self":[{"href":"https:\/\/www.elsindical.com.ar\/notas\/wp-json\/wp\/v2\/posts\/6042","targetHints":{"allow":["GET"]}}],"collection":[{"href":"https:\/\/www.elsindical.com.ar\/notas\/wp-json\/wp\/v2\/posts"}],"about":[{"href":"https:\/\/www.elsindical.com.ar\/notas\/wp-json\/wp\/v2\/types\/post"}],"author":[{"embeddable":true,"href":"https:\/\/www.elsindical.com.ar\/notas\/wp-json\/wp\/v2\/users\/1"}],"replies":[{"embeddable":true,"href":"https:\/\/www.elsindical.com.ar\/notas\/wp-json\/wp\/v2\/comments?post=6042"}],"version-history":[{"count":1,"href":"https:\/\/www.elsindical.com.ar\/notas\/wp-json\/wp\/v2\/posts\/6042\/revisions"}],"predecessor-version":[{"id":6044,"href":"https:\/\/www.elsindical.com.ar\/notas\/wp-json\/wp\/v2\/posts\/6042\/revisions\/6044"}],"wp:attachment":[{"href":"https:\/\/www.elsindical.com.ar\/notas\/wp-json\/wp\/v2\/media?parent=6042"}],"wp:term":[{"taxonomy":"category","embeddable":true,"href":"https:\/\/www.elsindical.com.ar\/notas\/wp-json\/wp\/v2\/categories?post=6042"},{"taxonomy":"post_tag","embeddable":true,"href":"https:\/\/www.elsindical.com.ar\/notas\/wp-json\/wp\/v2\/tags?post=6042"}],"curies":[{"name":"wp","href":"https:\/\/api.w.org\/{rel}","templated":true}]}}