{"id":60419,"date":"2016-06-29T01:25:40","date_gmt":"2016-06-29T04:25:40","guid":{"rendered":"http:\/\/www.elsindical.com.ar\/notas\/?p=60419"},"modified":"2016-06-29T01:25:40","modified_gmt":"2016-06-29T04:25:40","slug":"lanus-acribillan-a-policia-federal-vecinos-reclaman-seguridad-al-municipio","status":"publish","type":"post","link":"https:\/\/www.elsindical.com.ar\/notas\/lanus-acribillan-a-policia-federal-vecinos-reclaman-seguridad-al-municipio\/","title":{"rendered":"Lan\u00fas: Acribillan a polic\u00eda federal, vecinos reclaman seguridad al municipio"},"content":{"rendered":"<p><em><span class=\"subheadline\"><a href=\"http:\/\/www.elsindical.com.ar\/notas\/var\/www\/html\/notas\/wp-content\/uploads\/2016\/06\/Dami\u00e1n-Ezequiel-Montalto.jpg\"><img loading=\"lazy\" decoding=\"async\" class=\"alignnone size-medium wp-image-60420\" src=\"http:\/\/www.elsindical.com.ar\/notas\/var\/www\/html\/notas\/wp-content\/uploads\/2016\/06\/Dami\u00e1n-Ezequiel-Montalto-300x197.jpg\" alt=\"Dami\u00e1n-Ezequiel-Montalto\" width=\"300\" height=\"197\" srcset=\"https:\/\/www.elsindical.com.ar\/notas\/var\/www\/html\/notas\/wp-content\/uploads\/2016\/06\/Dami\u00e1n-Ezequiel-Montalto-300x197.jpg 300w, https:\/\/www.elsindical.com.ar\/notas\/var\/www\/html\/notas\/wp-content\/uploads\/2016\/06\/Dami\u00e1n-Ezequiel-Montalto-458x300.jpg 458w, https:\/\/www.elsindical.com.ar\/notas\/var\/www\/html\/notas\/wp-content\/uploads\/2016\/06\/Dami\u00e1n-Ezequiel-Montalto.jpg 502w\" sizes=\"auto, (max-width: 300px) 100vw, 300px\" \/><\/a>\u00a0 El efectivo se enfrent\u00f3 con delincuentes y recibi\u00f3 entre 8 y 12 disparos que le provocaron la muerte de forma inmediata.<\/span><\/em><\/p>\n<p>Un efectivo de la Polic\u00eda Federal fue asesinado de al menos ocho disparos por parte de delincuentes que intentaron asaltarlo en el partido bonaerense de Lan\u00fas.<\/p>\n<p>Seg\u00fan las primeras informaciones, el ataque sucedi\u00f3 el martes por la noche en la esquina de las calles Sarmiento y Pringles, en Lan\u00fas este.<\/p>\n<p>El polic\u00eda Dami\u00e1n Ezequiel Montalto manejaba hacia el gimnasio en donde su sobrina toma clases de nataci\u00f3n cuando fue abordado por dos delincuentes que r\u00e1pidamente lo atacaron a tiros: el efectivo recibi\u00f3 a menos ocho balazos y muri\u00f3 pocos minutos despu\u00e9s.<\/p>\n<p>Sobre la situaci\u00f3n en esa zona del Conurbano, la vicepresidente del club hacia donde se dirig\u00eda la v\u00edctima, asegur\u00f3 en TN que \u00aben el barrio hay un herido de bala por cuadra. Esto pasa todas las semanas\u00bb.<\/p>\n<p>En las im\u00e1genes que difundi\u00f3 Arriba Lan\u00fas se observa al criminal que escapa tras el crimen, arrastrando a quien ser\u00eda su c\u00f3mplice herido.<\/p>\n<p>Por el momento, no hay detenidos. En tanto, personal de la Polic\u00eda Cient\u00edfica trabajaba en el lugar del asesinato para avanzar con los peritajes.<\/p>\n","protected":false},"excerpt":{"rendered":"<p>\u00a0 El efectivo se enfrent\u00f3 con delincuentes y recibi\u00f3 entre 8 y 12 disparos que le provocaron la muerte de forma inmediata. Un efectivo de la Polic\u00eda Federal fue asesinado de al menos ocho disparos por parte de delincuentes que intentaron asaltarlo en el partido bonaerense de Lan\u00fas. Seg\u00fan las primeras informaciones, el ataque sucedi\u00f3&hellip;<\/p>\n","protected":false},"author":1,"featured_media":0,"comment_status":"open","ping_status":"open","sticky":false,"template":"","format":"standard","meta":{"footnotes":""},"categories":[22],"tags":[13851,23845,209,30],"class_list":["post-60419","post","type-post","status-publish","format-standard","hentry","category-policiales","tag-acribillado","tag-damian-ezequiel-montalto","tag-lanus","tag-policia"],"_links":{"self":[{"href":"https:\/\/www.elsindical.com.ar\/notas\/wp-json\/wp\/v2\/posts\/60419","targetHints":{"allow":["GET"]}}],"collection":[{"href":"https:\/\/www.elsindical.com.ar\/notas\/wp-json\/wp\/v2\/posts"}],"about":[{"href":"https:\/\/www.elsindical.com.ar\/notas\/wp-json\/wp\/v2\/types\/post"}],"author":[{"embeddable":true,"href":"https:\/\/www.elsindical.com.ar\/notas\/wp-json\/wp\/v2\/users\/1"}],"replies":[{"embeddable":true,"href":"https:\/\/www.elsindical.com.ar\/notas\/wp-json\/wp\/v2\/comments?post=60419"}],"version-history":[{"count":1,"href":"https:\/\/www.elsindical.com.ar\/notas\/wp-json\/wp\/v2\/posts\/60419\/revisions"}],"predecessor-version":[{"id":60421,"href":"https:\/\/www.elsindical.com.ar\/notas\/wp-json\/wp\/v2\/posts\/60419\/revisions\/60421"}],"wp:attachment":[{"href":"https:\/\/www.elsindical.com.ar\/notas\/wp-json\/wp\/v2\/media?parent=60419"}],"wp:term":[{"taxonomy":"category","embeddable":true,"href":"https:\/\/www.elsindical.com.ar\/notas\/wp-json\/wp\/v2\/categories?post=60419"},{"taxonomy":"post_tag","embeddable":true,"href":"https:\/\/www.elsindical.com.ar\/notas\/wp-json\/wp\/v2\/tags?post=60419"}],"curies":[{"name":"wp","href":"https:\/\/api.w.org\/{rel}","templated":true}]}}