{"id":60406,"date":"2016-06-28T17:01:32","date_gmt":"2016-06-28T20:01:32","guid":{"rendered":"http:\/\/www.elsindical.com.ar\/notas\/?p=60406"},"modified":"2016-06-28T17:01:32","modified_gmt":"2016-06-28T20:01:32","slug":"elisa-carrio-presento-un-pedido-de-juicio-politico-a-la-procuradora-alejandra-gils-carbo","status":"publish","type":"post","link":"https:\/\/www.elsindical.com.ar\/notas\/elisa-carrio-presento-un-pedido-de-juicio-politico-a-la-procuradora-alejandra-gils-carbo\/","title":{"rendered":"Elisa Carri\u00f3 present\u00f3 un pedido de juicio pol\u00edtico a la procuradora Alejandra Gils Carb\u00f3"},"content":{"rendered":"<p><em><a href=\"http:\/\/www.elsindical.com.ar\/notas\/var\/www\/html\/notas\/wp-content\/uploads\/2009\/10\/Elisa-Carri\u00f3.jpg\"><img loading=\"lazy\" decoding=\"async\" class=\"alignnone size-full wp-image-1365\" src=\"http:\/\/www.elsindical.com.ar\/notas\/var\/www\/html\/notas\/wp-content\/uploads\/2009\/10\/Elisa-Carri\u00f3.jpg\" alt=\"Elisa-Carri\u00f3\" width=\"255\" height=\"142\" \/><\/a>\u00a0 La diputada nacional Elisa Carri\u00f3 present\u00f3 <strong>un pedido de juicio pol\u00edtico a la Procuradora General de la Naci\u00f3n, Alejandra Gils Carb\u00f3,<\/strong> por \u00abmal desempe\u00f1o en el ejercicio de sus funciones y delitos en el ejercicio de la funci\u00f3n p\u00fablica\u00bb.<\/em><\/p>\n<div class=\"row\">\n<div class=\" col-md-offset-1 col-md-10 col-xs-12 col-print-12\">\n<p class=\"element element-paragraph\">El pedido de juicio pol\u00edtico, que tambi\u00e9n lleva la firma de\u00a0Mario Negri, Fernando S\u00e1nchez, Alicia Terada y Silvia Lospennato, es el segundo que promueve Carri\u00f3 contra Gils Carb\u00f3. El primero fue en 2013, pero perdi\u00f3 estado parlamentario y no prosper\u00f3.<\/p>\n<p class=\"element element-paragraph\">La diputada nacional Elisa Carri\u00f3 present\u00f3 <strong>un pedido de juicio pol\u00edtico a la procuradora general de la Naci\u00f3n, Alejandra Gils Carb\u00f3,<\/strong> por \u00abmal desempe\u00f1o en el ejercicio de sus funciones y delitos en el ejercicio de la funci\u00f3n p\u00fablica\u00bb.<\/p>\n<div class=\"row\">\n<div class=\" col-md-offset-1 col-md-10 col-xs-12 col-print-12\">\n<p class=\"element element-paragraph\">El pedido de juicio pol\u00edtico, que tambi\u00e9n lleva la firma de\u00a0Mario Negri, Fernando S\u00e1nchez, Alicia Terada y Silvia Lospennato, es el segundo que promueve Carri\u00f3 contra Gils Carb\u00f3. El primero fue en 2013, pero perdi\u00f3 estado parlamentario y no prosper\u00f3.<\/p>\n<\/div>\n<\/div>\n<p class=\"element element-paragraph\">\n<\/div>\n<\/div>\n","protected":false},"excerpt":{"rendered":"<p>\u00a0 La diputada nacional Elisa Carri\u00f3 present\u00f3 un pedido de juicio pol\u00edtico a la Procuradora General de la Naci\u00f3n, Alejandra Gils Carb\u00f3, por \u00abmal desempe\u00f1o en el ejercicio de sus funciones y delitos en el ejercicio de la funci\u00f3n p\u00fablica\u00bb. El pedido de juicio pol\u00edtico, que tambi\u00e9n lleva la firma de\u00a0Mario Negri, Fernando S\u00e1nchez, Alicia&hellip;<\/p>\n","protected":false},"author":1,"featured_media":0,"comment_status":"open","ping_status":"open","sticky":false,"template":"","format":"standard","meta":{"footnotes":""},"categories":[6],"tags":[12866,175,780,1203],"class_list":["post-60406","post","type-post","status-publish","format-standard","hentry","category-denuncias","tag-alejandra-gils-carbo","tag-denuncia","tag-elisa-carrio","tag-procurador-general-de-la-nacion"],"_links":{"self":[{"href":"https:\/\/www.elsindical.com.ar\/notas\/wp-json\/wp\/v2\/posts\/60406","targetHints":{"allow":["GET"]}}],"collection":[{"href":"https:\/\/www.elsindical.com.ar\/notas\/wp-json\/wp\/v2\/posts"}],"about":[{"href":"https:\/\/www.elsindical.com.ar\/notas\/wp-json\/wp\/v2\/types\/post"}],"author":[{"embeddable":true,"href":"https:\/\/www.elsindical.com.ar\/notas\/wp-json\/wp\/v2\/users\/1"}],"replies":[{"embeddable":true,"href":"https:\/\/www.elsindical.com.ar\/notas\/wp-json\/wp\/v2\/comments?post=60406"}],"version-history":[{"count":1,"href":"https:\/\/www.elsindical.com.ar\/notas\/wp-json\/wp\/v2\/posts\/60406\/revisions"}],"predecessor-version":[{"id":60407,"href":"https:\/\/www.elsindical.com.ar\/notas\/wp-json\/wp\/v2\/posts\/60406\/revisions\/60407"}],"wp:attachment":[{"href":"https:\/\/www.elsindical.com.ar\/notas\/wp-json\/wp\/v2\/media?parent=60406"}],"wp:term":[{"taxonomy":"category","embeddable":true,"href":"https:\/\/www.elsindical.com.ar\/notas\/wp-json\/wp\/v2\/categories?post=60406"},{"taxonomy":"post_tag","embeddable":true,"href":"https:\/\/www.elsindical.com.ar\/notas\/wp-json\/wp\/v2\/tags?post=60406"}],"curies":[{"name":"wp","href":"https:\/\/api.w.org\/{rel}","templated":true}]}}