{"id":60393,"date":"2016-06-28T12:27:35","date_gmt":"2016-06-28T15:27:35","guid":{"rendered":"http:\/\/www.elsindical.com.ar\/notas\/?p=60393"},"modified":"2016-06-28T12:27:35","modified_gmt":"2016-06-28T15:27:35","slug":"diego-kravetz-y-el-tiro-por-la-culata","status":"publish","type":"post","link":"https:\/\/www.elsindical.com.ar\/notas\/diego-kravetz-y-el-tiro-por-la-culata\/","title":{"rendered":"Diego Kravetz y \u00abel tiro por la culata\u00bb"},"content":{"rendered":"<p><a href=\"http:\/\/www.elsindical.com.ar\/notas\/var\/www\/html\/notas\/wp-content\/uploads\/2016\/06\/Kravetz-cr\u00edptico-municipio.jpg\"><img loading=\"lazy\" decoding=\"async\" class=\"alignnone size-medium wp-image-60396\" src=\"http:\/\/www.elsindical.com.ar\/notas\/var\/www\/html\/notas\/wp-content\/uploads\/2016\/06\/Kravetz-cr\u00edptico-municipio-300x200.jpg\" alt=\"Kravetz-cr\u00edptico-municipio\" width=\"300\" height=\"200\" srcset=\"https:\/\/www.elsindical.com.ar\/notas\/var\/www\/html\/notas\/wp-content\/uploads\/2016\/06\/Kravetz-cr\u00edptico-municipio-300x200.jpg 300w, https:\/\/www.elsindical.com.ar\/notas\/var\/www\/html\/notas\/wp-content\/uploads\/2016\/06\/Kravetz-cr\u00edptico-municipio-449x300.jpg 449w, https:\/\/www.elsindical.com.ar\/notas\/var\/www\/html\/notas\/wp-content\/uploads\/2016\/06\/Kravetz-cr\u00edptico-municipio.jpg 620w\" sizes=\"auto, (max-width: 300px) 100vw, 300px\" \/><\/a>\u00a0\u00a0\u00a0\u00a0\u00a0 El secretario de seguridad del municipio de Lan\u00fas, Diego Kravetz parece tener una especial vocaci\u00f3n por aparecer en los medios, viendo algunas de las im\u00e1genes que sube a las redes sociales y los resultados de su gesti\u00f3n en la opini\u00f3n de los vecinos que son los que realmente saben y padecen la inseguridad y el miedo a transitar por el partido.<\/p>\n<p>Viendo las \u00faltimas publicaciones del secretario Kravetz, uno podr\u00eda pensar en la frase \u00abel tiro por la culata\u00bb, ya que subi\u00f3 una foto del 25 de junio del 2016 de una reuni\u00f3n de responsables de la seguridad de distintos municipios del conurbano, especialmente de la zona sur, que se desarroll\u00f3 en Lomas de Zamora, la catarata de criticas no se hizo esperar y vecinos de varios de los partidos representados en esa reuni\u00f3n no se guardaron reclamos por hacer. Id\u00e9ntica reacci\u00f3n despierta en los vecinos de Lan\u00fas cada publicaci\u00f3n del secretario de seguridad, que curiosamente no responde a los vecinos, es decir, sus publicaciones son solo para mostrar lo que \u00e9l quiere mostrar, publicar comentarios tipo slogan de campa\u00f1a llenos de frases de deseos y buenas intenciones, pero no interact\u00faa con los vecinos, finalidad que tienen las redes sociales, para no ser un mon\u00f3logo, en eso se nota que al secretario de seguridad, nadie lo asesora.<\/p>\n<p>Una de las publicaciones m\u00e1s curiosas que he visto en los \u00faltimos tiempos es autor\u00eda de Diego Kravetz, que reproduce una nota de Cr\u00f3nica, en la que se asegura que la Polic\u00eda Local de Lan\u00fas ha recibido una clase magistral de un Coronel de la Polic\u00eda Colombiana, o no tiene idea de lo que es la seguridad, o se pas\u00f3 de fashion al pretender \u00abvenderle\u00bb a los vecinos que la experiencia y la metodolog\u00eda de trabajo de la polic\u00eda de Colombia ameritan la calificaci\u00f3n de \u00abmagistral\u00bb, cualquiera sabe que la polic\u00eda de Colombia est\u00e1 entre las fuerzas policiales m\u00e1s corruptas del mundo y esto viene desde la \u00e9poca de Pablo Escobar, el delito y la relaci\u00f3n de la polic\u00eda con los ciudadanos es muy distinta, salvo que el secretario de seguridad este reconociendo t\u00e1citamente que en Lan\u00fas los delitos vinculados a la droga tienen caracter\u00edsticas similares a lo que ocurre en Colombia.<\/p>\n<p>A nuestro medio suelen llegar muchos reclamos vinculados a la inseguridad en Lan\u00fas, pero tambi\u00e9n a la falta de o\u00eddos del municipio y sus funcionarios, se\u00f1ores funcionarios, no ser\u00eda bueno que si quieren utilizar la gesti\u00f3n para campa\u00f1as pol\u00edticas, personales o simplemente satisfacer su ego, muestren m\u00e1s respecto por los vecinos.<\/p>\n<p>Hace muchos a\u00f1os SUMO cantaba \u00ab<strong><span style=\"color: #6a6a6a;\">Dale dale con el look<\/span><\/strong> Pero no te mires como <em><strong><span style=\"color: #6a6a6a;\">Captain Cook\u00bb.<\/span><\/strong><\/em><\/p>\n<p><a href=\"http:\/\/www.elsindical.com.ar\/notas\/var\/www\/html\/notas\/wp-content\/uploads\/2016\/06\/reuni\u00f3n-secretarios-de-seguridad-lz.jpg\"><img loading=\"lazy\" decoding=\"async\" class=\"alignnone size-medium wp-image-60395\" src=\"http:\/\/www.elsindical.com.ar\/notas\/var\/www\/html\/notas\/wp-content\/uploads\/2016\/06\/reuni\u00f3n-secretarios-de-seguridad-lz-300x182.jpg\" alt=\"reuni\u00f3n-secretarios-de-seguridad-lz\" width=\"300\" height=\"182\" srcset=\"https:\/\/www.elsindical.com.ar\/notas\/var\/www\/html\/notas\/wp-content\/uploads\/2016\/06\/reuni\u00f3n-secretarios-de-seguridad-lz-300x182.jpg 300w, https:\/\/www.elsindical.com.ar\/notas\/var\/www\/html\/notas\/wp-content\/uploads\/2016\/06\/reuni\u00f3n-secretarios-de-seguridad-lz-495x300.jpg 495w, https:\/\/www.elsindical.com.ar\/notas\/var\/www\/html\/notas\/wp-content\/uploads\/2016\/06\/reuni\u00f3n-secretarios-de-seguridad-lz.jpg 620w\" sizes=\"auto, (max-width: 300px) 100vw, 300px\" \/><\/a> <a href=\"http:\/\/www.elsindical.com.ar\/notas\/var\/www\/html\/notas\/wp-content\/uploads\/2016\/06\/Diego-Kravetz-sill\u00f3n.jpg\"><img loading=\"lazy\" decoding=\"async\" class=\"alignnone size-medium wp-image-60394\" src=\"http:\/\/www.elsindical.com.ar\/notas\/var\/www\/html\/notas\/wp-content\/uploads\/2016\/06\/Diego-Kravetz-sill\u00f3n-300x288.jpg\" alt=\"Diego-Kravetz-sill\u00f3n\" width=\"300\" height=\"288\" srcset=\"https:\/\/www.elsindical.com.ar\/notas\/var\/www\/html\/notas\/wp-content\/uploads\/2016\/06\/Diego-Kravetz-sill\u00f3n-300x288.jpg 300w, https:\/\/www.elsindical.com.ar\/notas\/var\/www\/html\/notas\/wp-content\/uploads\/2016\/06\/Diego-Kravetz-sill\u00f3n-312x300.jpg 312w, https:\/\/www.elsindical.com.ar\/notas\/var\/www\/html\/notas\/wp-content\/uploads\/2016\/06\/Diego-Kravetz-sill\u00f3n.jpg 443w\" sizes=\"auto, (max-width: 300px) 100vw, 300px\" \/><\/a><\/p>\n<p><iframe loading=\"lazy\" src=\"https:\/\/www.youtube.com\/embed\/05C4d4wMe8U\" width=\"580\" height=\"420\" frameborder=\"0\" allowfullscreen=\"allowfullscreen\"><\/iframe><\/p>\n<p><strong>Por Marcelo Ricardo Hawrylciw<\/strong><\/p>\n","protected":false},"excerpt":{"rendered":"<p>\u00a0\u00a0\u00a0\u00a0\u00a0 El secretario de seguridad del municipio de Lan\u00fas, Diego Kravetz parece tener una especial vocaci\u00f3n por aparecer en los medios, viendo algunas de las im\u00e1genes que sube a las redes sociales y los resultados de su gesti\u00f3n en la opini\u00f3n de los vecinos que son los que realmente saben y padecen la inseguridad y&hellip;<\/p>\n","protected":false},"author":1,"featured_media":0,"comment_status":"open","ping_status":"open","sticky":false,"template":"","format":"standard","meta":{"footnotes":""},"categories":[10],"tags":[23842,23470,984,22647,7892,2605,11726,986],"class_list":["post-60393","post","type-post","status-publish","format-standard","hentry","category-editorial","tag-captain-cook","tag-diego-kravetz","tag-inseguridad","tag-municipio-de-lanus","tag-nestro-grindetti","tag-redes-sociales","tag-secretario-de-seguridad","tag-vecinos"],"_links":{"self":[{"href":"https:\/\/www.elsindical.com.ar\/notas\/wp-json\/wp\/v2\/posts\/60393","targetHints":{"allow":["GET"]}}],"collection":[{"href":"https:\/\/www.elsindical.com.ar\/notas\/wp-json\/wp\/v2\/posts"}],"about":[{"href":"https:\/\/www.elsindical.com.ar\/notas\/wp-json\/wp\/v2\/types\/post"}],"author":[{"embeddable":true,"href":"https:\/\/www.elsindical.com.ar\/notas\/wp-json\/wp\/v2\/users\/1"}],"replies":[{"embeddable":true,"href":"https:\/\/www.elsindical.com.ar\/notas\/wp-json\/wp\/v2\/comments?post=60393"}],"version-history":[{"count":1,"href":"https:\/\/www.elsindical.com.ar\/notas\/wp-json\/wp\/v2\/posts\/60393\/revisions"}],"predecessor-version":[{"id":60397,"href":"https:\/\/www.elsindical.com.ar\/notas\/wp-json\/wp\/v2\/posts\/60393\/revisions\/60397"}],"wp:attachment":[{"href":"https:\/\/www.elsindical.com.ar\/notas\/wp-json\/wp\/v2\/media?parent=60393"}],"wp:term":[{"taxonomy":"category","embeddable":true,"href":"https:\/\/www.elsindical.com.ar\/notas\/wp-json\/wp\/v2\/categories?post=60393"},{"taxonomy":"post_tag","embeddable":true,"href":"https:\/\/www.elsindical.com.ar\/notas\/wp-json\/wp\/v2\/tags?post=60393"}],"curies":[{"name":"wp","href":"https:\/\/api.w.org\/{rel}","templated":true}]}}