{"id":60352,"date":"2016-06-27T12:18:15","date_gmt":"2016-06-27T15:18:15","guid":{"rendered":"http:\/\/www.elsindical.com.ar\/notas\/?p=60352"},"modified":"2016-06-27T12:18:15","modified_gmt":"2016-06-27T15:18:15","slug":"messi-renuncio-a-la-seleccion-nacional-y-otros-seguirian-sus-pasos","status":"publish","type":"post","link":"https:\/\/www.elsindical.com.ar\/notas\/messi-renuncio-a-la-seleccion-nacional-y-otros-seguirian-sus-pasos\/","title":{"rendered":"Messi renunci\u00f3 a la selecci\u00f3n nacional y otros seguir\u00edan sus pasos"},"content":{"rendered":"<p><em><a href=\"http:\/\/www.elsindical.com.ar\/notas\/var\/www\/html\/notas\/wp-content\/uploads\/2016\/06\/Messi-Copa.jpg\"><img loading=\"lazy\" decoding=\"async\" class=\"alignnone size-medium wp-image-60353\" src=\"http:\/\/www.elsindical.com.ar\/notas\/var\/www\/html\/notas\/wp-content\/uploads\/2016\/06\/Messi-Copa-300x158.jpg\" alt=\"Messi-Copa\" width=\"300\" height=\"158\" srcset=\"https:\/\/www.elsindical.com.ar\/notas\/var\/www\/html\/notas\/wp-content\/uploads\/2016\/06\/Messi-Copa-300x158.jpg 300w, https:\/\/www.elsindical.com.ar\/notas\/var\/www\/html\/notas\/wp-content\/uploads\/2016\/06\/Messi-Copa-500x263.jpg 500w, https:\/\/www.elsindical.com.ar\/notas\/var\/www\/html\/notas\/wp-content\/uploads\/2016\/06\/Messi-Copa.jpg 620w\" sizes=\"auto, (max-width: 300px) 100vw, 300px\" \/><\/a>\u00a0 El capit\u00e1n sorprendi\u00f3 a todos con una contundente declaraci\u00f3n luego de perder la final con Chile. Asegur\u00f3 que es una decisi\u00f3n tomada. \u201cEs por el bien de todos\u201d, dijo muy dolido.\u00a0\u00a0<\/em><\/p>\n<p>El capit\u00e1n de la Selecci\u00f3n argentina, Lionel Messi, sorprendi\u00f3 esta noche al afirmar que se \u00abtermin\u00f3\u00bb su etapa con la camiseta albiceleste luego de perder su tercera final consecutiva con el equipo nacional en la Copa Am\u00e9rica Centenario, ante Chile.<\/p>\n<p>\u00abEs dif\u00edcil, lo primero que se me viene y quiero pensar es que se termin\u00f3 la Selecci\u00f3n para m\u00ed, evidentemente no es para m\u00ed, lamentablemente lo busqu\u00e9, era lo que m\u00e1s deseaba ganar un t\u00edtulo con la Selecci\u00f3n. Es una tristeza grande lo que me volvi\u00f3 a pasar\u00bb, afirm\u00f3 en declaraciones en la zona mixta del estadio Metlife de Nueva Jersey.<\/p>\n<p>Messi, que acaba de cumplir 29 a\u00f1os, se mostr\u00f3 con un semblante firme al hablar sobre este posible retiro, aunque se hab\u00eda expresado en un tono similar tras caer ante Chile en la Copa Am\u00e9rica 2015, decisi\u00f3n que luego revirti\u00f3.<\/p>\n<p>\u00abEs por el bien de todos, primero por m\u00ed y despu\u00e9s por el de todos, nosotros no nos conformamos con llegar a la final y no ganarla. Como te dije reci\u00e9n, nos toc\u00f3 perder en los penales, fue un partido muy igualado, pero creo que s\u00ed, que est\u00e1 la decisi\u00f3n tomada\u00bb, consider\u00f3 el rosarino.<\/p>\n<p>\u00abYa lo intent\u00e9 mucho, no se dio ser campe\u00f3n con Argentina y lamentablemente es as\u00ed\u00bb, agreg\u00f3 Messi, quien fue responsable de darle una medalla de oro -la segunda consecutiva- en los Juegos Ol\u00edmpicos de Beijing 2008.<\/p>\n<p>El capit\u00e1n admiti\u00f3 que era \u00abdif\u00edcil\u00bb hacer un an\u00e1lisis sobre el partido, porque fue \u00abincre\u00edble\u00bb la manera en que se dio una nueva frustraci\u00f3n.<\/p>\n<p>\u00abEs incre\u00edble pero no se dio, tiene que ser as\u00ed, hoy nos pas\u00f3 otra vez. Ya son tres finales que nos toca perder, tres seguidas, la verdad que es una l\u00e1stima pero tiene que ser as\u00ed, no se da, lo intentamos, lo buscamos, pero ya est\u00e1\u00bb, sostuvo.<\/p>\n<p>Lionel Messi so\u00f1aba con una fiesta y el fin de la maldici\u00f3n, pero se encontr\u00f3 con un dej\u00e1 vu de sus m\u00e1s crueles pesadillas, con un desgaste tremendo en el tiempo regular y el fallo en el penal ante el mismo Chile que lo amarg\u00f3 el a\u00f1o pasado y le arrebat\u00f3 la Copa Am\u00e9rica Centenario.<\/p>\n","protected":false},"excerpt":{"rendered":"<p>\u00a0 El capit\u00e1n sorprendi\u00f3 a todos con una contundente declaraci\u00f3n luego de perder la final con Chile. Asegur\u00f3 que es una decisi\u00f3n tomada. \u201cEs por el bien de todos\u201d, dijo muy dolido.\u00a0\u00a0 El capit\u00e1n de la Selecci\u00f3n argentina, Lionel Messi, sorprendi\u00f3 esta noche al afirmar que se \u00abtermin\u00f3\u00bb su etapa con la camiseta albiceleste luego&hellip;<\/p>\n","protected":false},"author":1,"featured_media":0,"comment_status":"open","ping_status":"open","sticky":false,"template":"","format":"standard","meta":{"footnotes":""},"categories":[7],"tags":[127,1200,23836,13453,23835],"class_list":["post-60352","post","type-post","status-publish","format-standard","hentry","category-deportes","tag-argentina","tag-chile","tag-copa-america-centenario","tag-lionel-messi","tag-seleccion-nacional"],"_links":{"self":[{"href":"https:\/\/www.elsindical.com.ar\/notas\/wp-json\/wp\/v2\/posts\/60352","targetHints":{"allow":["GET"]}}],"collection":[{"href":"https:\/\/www.elsindical.com.ar\/notas\/wp-json\/wp\/v2\/posts"}],"about":[{"href":"https:\/\/www.elsindical.com.ar\/notas\/wp-json\/wp\/v2\/types\/post"}],"author":[{"embeddable":true,"href":"https:\/\/www.elsindical.com.ar\/notas\/wp-json\/wp\/v2\/users\/1"}],"replies":[{"embeddable":true,"href":"https:\/\/www.elsindical.com.ar\/notas\/wp-json\/wp\/v2\/comments?post=60352"}],"version-history":[{"count":1,"href":"https:\/\/www.elsindical.com.ar\/notas\/wp-json\/wp\/v2\/posts\/60352\/revisions"}],"predecessor-version":[{"id":60354,"href":"https:\/\/www.elsindical.com.ar\/notas\/wp-json\/wp\/v2\/posts\/60352\/revisions\/60354"}],"wp:attachment":[{"href":"https:\/\/www.elsindical.com.ar\/notas\/wp-json\/wp\/v2\/media?parent=60352"}],"wp:term":[{"taxonomy":"category","embeddable":true,"href":"https:\/\/www.elsindical.com.ar\/notas\/wp-json\/wp\/v2\/categories?post=60352"},{"taxonomy":"post_tag","embeddable":true,"href":"https:\/\/www.elsindical.com.ar\/notas\/wp-json\/wp\/v2\/tags?post=60352"}],"curies":[{"name":"wp","href":"https:\/\/api.w.org\/{rel}","templated":true}]}}