{"id":60350,"date":"2016-06-27T01:00:32","date_gmt":"2016-06-27T04:00:32","guid":{"rendered":"http:\/\/www.elsindical.com.ar\/notas\/?p=60350"},"modified":"2016-06-27T01:00:32","modified_gmt":"2016-06-27T04:00:32","slug":"lomas-de-zamora-un-detenido-por-hurto","status":"publish","type":"post","link":"https:\/\/www.elsindical.com.ar\/notas\/lomas-de-zamora-un-detenido-por-hurto\/","title":{"rendered":"Lomas de Zamora: Un detenido por hurto"},"content":{"rendered":"<div style=\"text-align: justify;\"><span style=\"color: black;\"><span style=\"font-family: 'times new roman' , 'times' , serif , 'apple color emoji' , 'segoe ui emoji' , 'notocoloremoji' , 'segoe ui symbol' , 'android emoji' , 'emojisymbols';\"><span style=\"font-family: 'times new roman' , serif;\"><u><b><a href=\"http:\/\/distritalavellaneda.com.ar\/wp-content\/uploads\/2016\/06\/det-LZ8-robo.png\"><img loading=\"lazy\" decoding=\"async\" class=\"alignnone size-medium wp-image-7950\" src=\"http:\/\/distritalavellaneda.com.ar\/wp-content\/uploads\/2016\/06\/det-LZ8-robo-169x300.png\" alt=\"det LZ8 robo\" width=\"169\" height=\"300\" \/><\/a>EXTRACTO:<\/b><\/u><\/span> <span style=\"font-family: 'times new roman' , serif;\">Fecha, siendo las 19:15 Hs.,, habi\u00e9ndose<\/span> <span style=\"font-family: 'times new roman' , serif;\">tomado conocimiento mediante llamado telef\u00f3nico del ciudadano <\/span><span style=\"font-family: 'times new roman' , serif;\"><u><b>CHAMORRO OSVALDO SALVADOR<\/b><\/u><\/span> de <span style=\"font-family: 'times new roman' , serif;\">77 a\u00f1os, soltero, manifestando<\/span> <span style=\"font-family: 'times new roman' , serif;\">habe<wbr \/>r sido v\u00edctima de il\u00edcito<\/span> <span style=\"font-family: 'times new roman' , serif;\">en su domicilio.<\/span><\/span><\/span><span style=\"color: black;\"><span style=\"font-family: 'times new roman' , 'times' , serif , 'apple color emoji' , 'segoe ui emoji' , 'notocoloremoji' , 'segoe ui symbol' , 'android emoji' , 'emojisymbols';\"><span style=\"font-family: 'times new roman' , serif;\"> Apersonado <wbr \/>Pnal. Gab. Prev. Comunitaria, entrevistado<\/span> <span style=\"font-family: 'times new roman' , serif;\">con CHAMORRO, quien hiciera saber que momentos antes, se hab\u00eda retirado de su vivienda, y a su regreso, al abrir la puerta, ve como del interior y por delante de este,<\/span> <span style=\"font-family: 'times new roman' , serif;\">salia corriendo 1 N.N. masculino, llev\u00e1ndose<\/span> <span style=\"font-family: 'times new roman' , serif;\">pertenen<wbr \/>cias.<\/span><\/span><\/span><\/p>\n<p><span style=\"color: black;\"><span style=\"font-family: 'times new roman' , 'times' , serif , 'apple color emoji' , 'segoe ui emoji' , 'notocoloremoji' , 'segoe ui symbol' , 'android emoji' , 'emojisymbols';\"><span style=\"font-family: 'times new roman' , serif;\"> De averiguaciones se establece<\/span> <span style=\"font-family: 'times new roman' , serif;\">que el autor resultaba ser conocido del barrio, N.N. o \u201cPolaquito\u201d.<\/span><\/span><\/span><\/p>\n<p><span style=\"color: black;\"><span style=\"font-family: 'times new roman' , 'times' , serif , 'apple color emoji' , 'segoe ui emoji' , 'notocoloremoji' , 'segoe ui symbol' , 'android emoji' , 'emojisymbols';\"><span style=\"font-family: 'times new roman' , serif;\"> Que arribados al domicilio, este se encontraba a metros de su vivienda, procedi\u00e9ndose<\/span> <span style=\"font-family: 'times new roman' , serif;\">a su interceptacion, <wbr \/>identific\u00e1ndolo<\/span> <span style=\"font-family: 'times new roman' , serif;\">como <\/span><span style=\"font-family: 'times new roman' , serif;\"><u><b>OLIVERA CRISTIAN NICOL\u00c1S<\/b><\/u><\/span> , a<span style=\"font-family: 'times new roman' , serif;\">rgentino, inst. 18 a\u00f1os, soltero, Ddo. Bs. As. 955, este medio), y quien entre sus prendas se le incautan los elementos sustra\u00eddos (un reloj, un celular, $ 200, y 2 anillos de oro).-<\/span><\/span><\/span><\/p>\n<p><span style=\"color: black;\"><span style=\"font-family: 'times new roman' , 'times' , serif , 'apple color emoji' , 'segoe ui emoji' , 'notocoloremoji' , 'segoe ui symbol' , 'android emoji' , 'emojisymbols';\"><span style=\"font-family: 'times new roman' , serif;\"> Conducido a dependencia y Ccda. Ufi 12 Dr. Semica, dispuso aprehencion actuaciones por HURTO.- Recaudo Legales.- Fdo. Claudio Amodeo \u2013 Crio.- Lomas de Zamora 8va.-\u00a0<\/span><\/span><\/span><\/p>\n<\/div>\n<p><span style=\"color: black;\"><span style=\"font-family: 'times new roman' , 'times' , serif , 'apple color emoji' , 'segoe ui emoji' , 'notocoloremoji' , 'segoe ui symbol' , 'android emoji' , 'emojisymbols';\"><span style=\"font-family: 'times new roman' , serif;\">\u00a0<\/span><\/span><\/span><\/p>\n<p><a href=\"http:\/\/distritalavellaneda.com.ar\/wp-content\/uploads\/2016\/06\/pertenencias-hurto-LZ8.png\"><img loading=\"lazy\" decoding=\"async\" class=\"alignnone size-medium wp-image-7949\" src=\"http:\/\/distritalavellaneda.com.ar\/wp-content\/uploads\/2016\/06\/pertenencias-hurto-LZ8-169x300.png\" alt=\"pertenencias hurto LZ8\" width=\"169\" height=\"300\" \/><\/a><\/p>\n<p><strong>Fuente: <a href=\"http:\/\/departamentalavellanedalanuslomas.blogspot.com.ar\/\">Jefatura Departamental Avellaneda-Lan\u00fas-Lomas<\/a><\/strong><\/p>\n","protected":false},"excerpt":{"rendered":"<p>EXTRACTO: Fecha, siendo las 19:15 Hs.,, habi\u00e9ndose tomado conocimiento mediante llamado telef\u00f3nico del ciudadano CHAMORRO OSVALDO SALVADOR de 77 a\u00f1os, soltero, manifestando haber sido v\u00edctima de il\u00edcito en su domicilio. Apersonado Pnal. Gab. Prev. Comunitaria, entrevistado con CHAMORRO, quien hiciera saber que momentos antes, se hab\u00eda retirado de su vivienda, y a su regreso, al&hellip;<\/p>\n","protected":false},"author":1,"featured_media":0,"comment_status":"open","ping_status":"open","sticky":false,"template":"","format":"standard","meta":{"footnotes":""},"categories":[22],"tags":[22301,725,23294,744],"class_list":["post-60350","post","type-post","status-publish","format-standard","hentry","category-policiales","tag-comisario-mayor-javier-carlos-villar","tag-hurto","tag-jefatura-departamental-avellaneda-lanus-lomas","tag-lomas-de-zamora"],"_links":{"self":[{"href":"https:\/\/www.elsindical.com.ar\/notas\/wp-json\/wp\/v2\/posts\/60350","targetHints":{"allow":["GET"]}}],"collection":[{"href":"https:\/\/www.elsindical.com.ar\/notas\/wp-json\/wp\/v2\/posts"}],"about":[{"href":"https:\/\/www.elsindical.com.ar\/notas\/wp-json\/wp\/v2\/types\/post"}],"author":[{"embeddable":true,"href":"https:\/\/www.elsindical.com.ar\/notas\/wp-json\/wp\/v2\/users\/1"}],"replies":[{"embeddable":true,"href":"https:\/\/www.elsindical.com.ar\/notas\/wp-json\/wp\/v2\/comments?post=60350"}],"version-history":[{"count":1,"href":"https:\/\/www.elsindical.com.ar\/notas\/wp-json\/wp\/v2\/posts\/60350\/revisions"}],"predecessor-version":[{"id":60351,"href":"https:\/\/www.elsindical.com.ar\/notas\/wp-json\/wp\/v2\/posts\/60350\/revisions\/60351"}],"wp:attachment":[{"href":"https:\/\/www.elsindical.com.ar\/notas\/wp-json\/wp\/v2\/media?parent=60350"}],"wp:term":[{"taxonomy":"category","embeddable":true,"href":"https:\/\/www.elsindical.com.ar\/notas\/wp-json\/wp\/v2\/categories?post=60350"},{"taxonomy":"post_tag","embeddable":true,"href":"https:\/\/www.elsindical.com.ar\/notas\/wp-json\/wp\/v2\/tags?post=60350"}],"curies":[{"name":"wp","href":"https:\/\/api.w.org\/{rel}","templated":true}]}}