{"id":60291,"date":"2016-06-24T00:52:29","date_gmt":"2016-06-24T03:52:29","guid":{"rendered":"http:\/\/www.elsindical.com.ar\/notas\/?p=60291"},"modified":"2016-06-24T00:52:29","modified_gmt":"2016-06-24T03:52:29","slug":"avellaneda-vecinos-de-sarandi-reclamaron-seguridad","status":"publish","type":"post","link":"https:\/\/www.elsindical.com.ar\/notas\/avellaneda-vecinos-de-sarandi-reclamaron-seguridad\/","title":{"rendered":"Avellaneda: Vecinos de Sarand\u00ed reclamaron seguridad"},"content":{"rendered":"<p><a href=\"http:\/\/www.elsindical.com.ar\/notas\/var\/www\/html\/notas\/wp-content\/uploads\/2016\/06\/DSC00963.jpg\"><img loading=\"lazy\" decoding=\"async\" class=\"alignnone size-medium wp-image-60294\" src=\"http:\/\/www.elsindical.com.ar\/notas\/var\/www\/html\/notas\/wp-content\/uploads\/2016\/06\/DSC00963-300x225.jpg\" alt=\"DSC00963\" width=\"300\" height=\"225\" srcset=\"https:\/\/www.elsindical.com.ar\/notas\/var\/www\/html\/notas\/wp-content\/uploads\/2016\/06\/DSC00963-300x225.jpg 300w, https:\/\/www.elsindical.com.ar\/notas\/var\/www\/html\/notas\/wp-content\/uploads\/2016\/06\/DSC00963-400x300.jpg 400w, https:\/\/www.elsindical.com.ar\/notas\/var\/www\/html\/notas\/wp-content\/uploads\/2016\/06\/DSC00963.jpg 738w\" sizes=\"auto, (max-width: 300px) 100vw, 300px\" \/><\/a>\u00a0 Vecinos de Sarand\u00ed, se reunieron en la esquina de las calles Luis Mar\u00eda Campos y Supisiche, pasadas las 19:15 hs.,luego de que la primera convocatoria hab\u00eda sido convocada para las calles Spurr y Luis Mar\u00eda Campos, pero finalmente se opt\u00f3 por la esquina de la casa de los padres del joven Mat\u00edas Augusto Terr\u00f3n, asesinado el mi\u00e9rcoles por la noche, luego de un secuestro expr\u00e9s violento.<\/p>\n<p>Un centenar de vecinos se acercaron preocupados por los hechos de inseguridad que se han ido sucediendo en los que ya han perdido la vida varios vecinos, con la presencia de varios m\u00f3viles de medios nacionales, los vecinos expresaron su malestar por la ausencia de funcionarios municipales para escuchar los reclamos, tambi\u00e9n solicitaron la presencia del intendente Jorge Ferraresi.<\/p>\n<p>Para el d\u00eda de hoy, a las 18:00 hs. los vecinos volver\u00edan a reclamar con el objetivo de visibilizar los reclamos y la problem\u00e1tica, el \u00fanico momento de tensi\u00f3n se vivi\u00f3 cuando un conocido vecino Carlos Osorio\u00a0que suele hacer reclamos por las redes sociales se hizo presente para cuestionar al ministro de seguridad bonaerense Cristian Ritondo y fue mal recibido por algunos de los vecinos que lo acusaron de solo buscar hacer pol\u00edtica con el dolor de los familiares de las v\u00edctimas.<\/p>\n<p><a href=\"http:\/\/www.elsindical.com.ar\/notas\/var\/www\/html\/notas\/wp-content\/uploads\/2016\/06\/DSC00966.jpg\"><img loading=\"lazy\" decoding=\"async\" class=\"alignnone size-medium wp-image-60293\" src=\"http:\/\/www.elsindical.com.ar\/notas\/var\/www\/html\/notas\/wp-content\/uploads\/2016\/06\/DSC00966-243x300.jpg\" alt=\"DSC00966\" width=\"243\" height=\"300\" srcset=\"https:\/\/www.elsindical.com.ar\/notas\/var\/www\/html\/notas\/wp-content\/uploads\/2016\/06\/DSC00966-243x300.jpg 243w, https:\/\/www.elsindical.com.ar\/notas\/var\/www\/html\/notas\/wp-content\/uploads\/2016\/06\/DSC00966.jpg 620w\" sizes=\"auto, (max-width: 243px) 100vw, 243px\" \/><\/a> <a href=\"http:\/\/www.elsindical.com.ar\/notas\/var\/www\/html\/notas\/wp-content\/uploads\/2016\/06\/DSC00969.jpg\"><img loading=\"lazy\" decoding=\"async\" class=\"alignnone size-medium wp-image-60292\" src=\"http:\/\/www.elsindical.com.ar\/notas\/var\/www\/html\/notas\/wp-content\/uploads\/2016\/06\/DSC00969-300x207.jpg\" alt=\"DSC00969\" width=\"300\" height=\"207\" srcset=\"https:\/\/www.elsindical.com.ar\/notas\/var\/www\/html\/notas\/wp-content\/uploads\/2016\/06\/DSC00969-300x207.jpg 300w, https:\/\/www.elsindical.com.ar\/notas\/var\/www\/html\/notas\/wp-content\/uploads\/2016\/06\/DSC00969-435x300.jpg 435w, https:\/\/www.elsindical.com.ar\/notas\/var\/www\/html\/notas\/wp-content\/uploads\/2016\/06\/DSC00969.jpg 738w\" sizes=\"auto, (max-width: 300px) 100vw, 300px\" \/><\/a><br \/>\n<iframe loading=\"lazy\" src=\"https:\/\/www.youtube.com\/embed\/KTPNXCaXwL0\" width=\"580\" height=\"420\" frameborder=\"0\" allowfullscreen=\"allowfullscreen\"><\/iframe><\/p>\n","protected":false},"excerpt":{"rendered":"<p>\u00a0 Vecinos de Sarand\u00ed, se reunieron en la esquina de las calles Luis Mar\u00eda Campos y Supisiche, pasadas las 19:15 hs.,luego de que la primera convocatoria hab\u00eda sido convocada para las calles Spurr y Luis Mar\u00eda Campos, pero finalmente se opt\u00f3 por la esquina de la casa de los padres del joven Mat\u00edas Augusto Terr\u00f3n,&hellip;<\/p>\n","protected":false},"author":1,"featured_media":0,"comment_status":"open","ping_status":"open","sticky":false,"template":"","format":"standard","meta":{"footnotes":""},"categories":[25],"tags":[461,23825,984,1062,23822,305,2330],"class_list":["post-60291","post","type-post","status-publish","format-standard","hentry","category-sociedad","tag-avellaneda","tag-carlos-osorio","tag-inseguridad","tag-jorge-ferraresi","tag-matias-augusto-terron","tag-muerte","tag-sarandi"],"_links":{"self":[{"href":"https:\/\/www.elsindical.com.ar\/notas\/wp-json\/wp\/v2\/posts\/60291","targetHints":{"allow":["GET"]}}],"collection":[{"href":"https:\/\/www.elsindical.com.ar\/notas\/wp-json\/wp\/v2\/posts"}],"about":[{"href":"https:\/\/www.elsindical.com.ar\/notas\/wp-json\/wp\/v2\/types\/post"}],"author":[{"embeddable":true,"href":"https:\/\/www.elsindical.com.ar\/notas\/wp-json\/wp\/v2\/users\/1"}],"replies":[{"embeddable":true,"href":"https:\/\/www.elsindical.com.ar\/notas\/wp-json\/wp\/v2\/comments?post=60291"}],"version-history":[{"count":1,"href":"https:\/\/www.elsindical.com.ar\/notas\/wp-json\/wp\/v2\/posts\/60291\/revisions"}],"predecessor-version":[{"id":60295,"href":"https:\/\/www.elsindical.com.ar\/notas\/wp-json\/wp\/v2\/posts\/60291\/revisions\/60295"}],"wp:attachment":[{"href":"https:\/\/www.elsindical.com.ar\/notas\/wp-json\/wp\/v2\/media?parent=60291"}],"wp:term":[{"taxonomy":"category","embeddable":true,"href":"https:\/\/www.elsindical.com.ar\/notas\/wp-json\/wp\/v2\/categories?post=60291"},{"taxonomy":"post_tag","embeddable":true,"href":"https:\/\/www.elsindical.com.ar\/notas\/wp-json\/wp\/v2\/tags?post=60291"}],"curies":[{"name":"wp","href":"https:\/\/api.w.org\/{rel}","templated":true}]}}