{"id":60266,"date":"2016-06-23T00:17:32","date_gmt":"2016-06-23T03:17:32","guid":{"rendered":"http:\/\/www.elsindical.com.ar\/notas\/?p=60266"},"modified":"2016-06-23T00:17:32","modified_gmt":"2016-06-23T03:17:32","slug":"camioneros-anunciaron-medidas-de-fuerza","status":"publish","type":"post","link":"https:\/\/www.elsindical.com.ar\/notas\/camioneros-anunciaron-medidas-de-fuerza\/","title":{"rendered":"Camioneros, anunciaron medidas de fuerza"},"content":{"rendered":"<p><em><a href=\"http:\/\/www.elsindical.com.ar\/notas\/var\/www\/html\/notas\/wp-content\/uploads\/2016\/06\/marcha-de-camioneros.jpg\"><img loading=\"lazy\" decoding=\"async\" class=\"alignnone size-medium wp-image-60267\" src=\"http:\/\/www.elsindical.com.ar\/notas\/var\/www\/html\/notas\/wp-content\/uploads\/2016\/06\/marcha-de-camioneros-300x169.jpg\" alt=\"marcha-de-camioneros\" width=\"300\" height=\"169\" srcset=\"https:\/\/www.elsindical.com.ar\/notas\/var\/www\/html\/notas\/wp-content\/uploads\/2016\/06\/marcha-de-camioneros-300x169.jpg 300w, https:\/\/www.elsindical.com.ar\/notas\/var\/www\/html\/notas\/wp-content\/uploads\/2016\/06\/marcha-de-camioneros-500x282.jpg 500w, https:\/\/www.elsindical.com.ar\/notas\/var\/www\/html\/notas\/wp-content\/uploads\/2016\/06\/marcha-de-camioneros.jpg 620w\" sizes=\"auto, (max-width: 300px) 100vw, 300px\" \/><\/a>\u00a0 Pablo Moyano anunci\u00f3, en la puerta del Ministerio de Trabajo, paro de caudales para este jueves y otro de todas las ramas de camioneros para la semana pr\u00f3xima.\u00a0\u00a0\u00a0\u00a0\u00a0\u00a0\u00a0<\/em><\/p>\n<p>El Sindicato de Choferes de camiones (Sichoca) realizar\u00e1 desde este jueves paros sorpresivos por ramas, que comenzar\u00e1n con el transporte de caudales, mientras que el jueves o viernes de la semana pr\u00f3xima habr\u00e1 una huelga de todas las ramas de la actividad.<\/p>\n<p>As\u00ed lo indic\u00f3 el secretario adjunto del gremio, Pablo Moyano, en un breve discurso que ofreci\u00f3 ante una multitud de camineros en las puertas de la sede del Ministerio de Trabajo, donde minutos antes volvi\u00f3 a fracasar la reuni\u00f3n paritaria que el sindicato mantuvo con la c\u00e1mara empresaria.<\/p>\n<p>\u00abMa\u00f1ana arrancamos con asambleas de cuatro horas por turno y paros sorpresivos por ramas que comenzar\u00e1n con caudales. El jueves o viernes (de la semana pr\u00f3xima) va a haber un paro general de camioneros\u00bb, sostuvo el hijo del jefe de la CGT Azopardo, Hugo Moyano.<\/p>\n<p>El gremio exige un aumento salarial del 42% y la actualizaci\u00f3n del Impuesto a las Ganancias para que la mejora no se descuente por ese gravamen, mientras que los empresarios quedaron lejos de cubrir esa demanda.<\/p>\n","protected":false},"excerpt":{"rendered":"<p>\u00a0 Pablo Moyano anunci\u00f3, en la puerta del Ministerio de Trabajo, paro de caudales para este jueves y otro de todas las ramas de camioneros para la semana pr\u00f3xima.\u00a0\u00a0\u00a0\u00a0\u00a0\u00a0\u00a0 El Sindicato de Choferes de camiones (Sichoca) realizar\u00e1 desde este jueves paros sorpresivos por ramas, que comenzar\u00e1n con el transporte de caudales, mientras que el jueves&hellip;<\/p>\n","protected":false},"author":1,"featured_media":0,"comment_status":"open","ping_status":"open","sticky":false,"template":"","format":"standard","meta":{"footnotes":""},"categories":[16],"tags":[1298,13390,3025,632],"class_list":["post-60266","post","type-post","status-publish","format-standard","hentry","category-gremiales","tag-camioneros","tag-cgt-azopardo","tag-medidas-de-fuerza","tag-pablo-moyano"],"_links":{"self":[{"href":"https:\/\/www.elsindical.com.ar\/notas\/wp-json\/wp\/v2\/posts\/60266","targetHints":{"allow":["GET"]}}],"collection":[{"href":"https:\/\/www.elsindical.com.ar\/notas\/wp-json\/wp\/v2\/posts"}],"about":[{"href":"https:\/\/www.elsindical.com.ar\/notas\/wp-json\/wp\/v2\/types\/post"}],"author":[{"embeddable":true,"href":"https:\/\/www.elsindical.com.ar\/notas\/wp-json\/wp\/v2\/users\/1"}],"replies":[{"embeddable":true,"href":"https:\/\/www.elsindical.com.ar\/notas\/wp-json\/wp\/v2\/comments?post=60266"}],"version-history":[{"count":1,"href":"https:\/\/www.elsindical.com.ar\/notas\/wp-json\/wp\/v2\/posts\/60266\/revisions"}],"predecessor-version":[{"id":60268,"href":"https:\/\/www.elsindical.com.ar\/notas\/wp-json\/wp\/v2\/posts\/60266\/revisions\/60268"}],"wp:attachment":[{"href":"https:\/\/www.elsindical.com.ar\/notas\/wp-json\/wp\/v2\/media?parent=60266"}],"wp:term":[{"taxonomy":"category","embeddable":true,"href":"https:\/\/www.elsindical.com.ar\/notas\/wp-json\/wp\/v2\/categories?post=60266"},{"taxonomy":"post_tag","embeddable":true,"href":"https:\/\/www.elsindical.com.ar\/notas\/wp-json\/wp\/v2\/tags?post=60266"}],"curies":[{"name":"wp","href":"https:\/\/api.w.org\/{rel}","templated":true}]}}