{"id":60256,"date":"2016-06-22T21:55:41","date_gmt":"2016-06-23T00:55:41","guid":{"rendered":"http:\/\/www.elsindical.com.ar\/notas\/?p=60256"},"modified":"2016-06-22T21:55:41","modified_gmt":"2016-06-23T00:55:41","slug":"avellaneda-allanamientos-positivos-comisaria-7ma","status":"publish","type":"post","link":"https:\/\/www.elsindical.com.ar\/notas\/avellaneda-allanamientos-positivos-comisaria-7ma\/","title":{"rendered":"Avellaneda: Allanamientos positivos, comisar\u00eda 7ma"},"content":{"rendered":"<p><a href=\"http:\/\/distritalavellaneda.com.ar\/wp-content\/uploads\/2016\/06\/allanamientos-7ma-Avellaneda-01.jpg\"><img loading=\"lazy\" decoding=\"async\" class=\"alignnone size-medium wp-image-7841\" src=\"http:\/\/distritalavellaneda.com.ar\/wp-content\/uploads\/2016\/06\/allanamientos-7ma-Avellaneda-01-300x225.jpg\" alt=\"allanamientos 7ma Avellaneda 01\" width=\"300\" height=\"225\" \/><\/a>Hecho ocurrido el d\u00eda: Junio 22 de 2016 17.30 hs.<\/p>\n<p>Toma de conocimiento del hecho: Junio 22 de 2016 17:30 hs.<\/p>\n<p>Dependencia: Cr\u00eda. Avellaneda 7ma. Villa Corina<\/p>\n<p>LUGAR DEL HECHO: CAXARAVILLE esquina GENERAL PICO de V. Dom\u00ednico<\/p>\n<p>CAXARAVILLE n\u00famero 4452 de V. Dom\u00ednico<\/p>\n<p>GENERAL PICO 1899 de V. Domin\u00edco<\/p>\n<p>CALIFICACI\u00d3N LEGAL: ALLANAMIENTOS EN I.P.P. n\u00famero 07-02-009350-16 caratulada<\/p>\n<p>ROBO CALIFICADO..-<\/p>\n<p>Intervenci\u00f3n: Unidad Funcional de Instrucci\u00f3n y Juicio n\u00ba 4<\/p>\n<p>DR. GUILLERMO CASTRO<\/p>\n<p>JUZGADO DE GARANT\u00cdAS n\u00famero 9<\/p>\n<p>Dr. SILVIO CARZOGLIO<\/p>\n<p>DESCENTRALIZADA DE AVELLANEDA<\/p>\n<p>APREHENDIDO\/S: GERONIMA OJEDA, argentina, de 59 a\u00f1os, estado Civil casada, ama de casa, domiciliada en la calle Caxaraville n\u00famero 4452 de Villa Dom\u00ednico partido de Avellaneda, (IMPUTADA POR ENCUBRIMIENTO)<\/p>\n<p>FABIAN OJEDA, nacionalidad Argentina, de 40 a\u00f1os de edad, instruido, estado Civil soltero, ocupaci\u00f3n empleado de comercio, domiciliado en la calle Caxaraville numero 4452 de Villa Dom\u00ednico partido de Avellaneda, (IMPUTADO POR ENCUBRIMIENTO)<\/p>\n<p>FABI\u00c1N EDUARDO GIM\u00c9NEZ, nacionalidad argentino, de 42 a\u00f1os de edad, instruido, estado civil casado, ocupaci\u00f3n pintor, domiciliado en la calle General Pico n\u00famero 1899 de Villa Dom\u00ednico partido de Avellaneda, (IMPUTADO POR INFRACCI\u00d3N A LA LEY 23.737)<\/p>\n<p>&#8212;&#8212;&#8212;&#8212;&#8212;&#8212;&#8212;&#8212;&#8212;&#8212;&#8212;&#8212;&#8212;&#8212;&#8212;&#8212;&#8212;&#8212;&#8212;&#8212;&#8212;&#8212;&#8212;&#8212;&#8212;&#8212;&#8212;&#8212;&#8212;&#8212;&#8212;&#8212;&#8212;&#8212;&#8212;&#8212;&#8212;&#8212;&#8212;&#8212;&#8212;-<\/p>\n<p>S\u00cdNTESIS DEL HECHO:<\/p>\n<p>Llevo a conocimiento del Sr. Jefe que en la fecha a ra\u00edz de diligencias practicadas por personal del Gabinete Criminol\u00f3gico de esta Dependencia Policial a cargo del Oficial Principal MARIANO BOHN, Sargento PABLO CANTERO y Oficial de Polic\u00eda BOHN NAZARENO, en el marco de la I.P.P. n\u00famero 07-02-009350 caratulada ROBO CALIFICADO en tr\u00e1mite ante la UNIDAD FUNCIONAL DE INSTRUCCI\u00d3N y JUICIO n\u00famero 4 y Juzgado de Garant\u00edas n\u00famero 9 del Polo Judicial de Avellaneda; lo logro la obtenci\u00f3n de TRES (03) ORDEN DE ALLANAMIENTO en domicilio dentro del \u00e1mbito jurisdiccional de esta Dependencia Policial.<\/p>\n<p>Consecuencia de ello se procedi\u00f3 a efectivizar dicha orden Judicial, donde al irrumpir en la vivienda sita en la calle CAXARAVILLE sin n\u00famero esquina GENERAL PICO de este medio, se obtuvo un resultado NEGATIVO, mientras que en el OBJETIVO numero 2 sito en la calle CAXARAVILLE numero 4452 de este medio, se logro la aprehensi\u00f3n de los ciudadanos FABI\u00c1N OJEDA y GERONIMA OJEDA, que dem\u00e1s circunstancias personales obran en el ep\u00edgrafe, logr\u00e1ndose hallar en el interior del inmueble un televisor marca SANYO de 21 PULGADAS y Un REPRODUCTOR de DVD marca DURABAND, siendo estos elementos denunciados como sustra\u00eddos en la denuncia radicada por la victima en el asiento del Polo Judicial en menci\u00f3n; y en el OBJETIVO numero 3 sito en la calle GENERAL PICO numero 1899 de este medio, se logra la incautaci\u00f3n de DOS (2) PLANTAS de CANNAVIS SATIVA de un metro de largo aproximadamente y a la aprehensi\u00f3n del ciudadano FABI\u00c1N EDUARDO GIM\u00c9NEZ, que dem\u00e1s circunstancias personales obran en autos.<\/p>\n<p>Habiendo adelantado los pormenores del caso a representante del Magistrado interviniente ordeno labrar actuaciones por el delito de ENCUBRIMIENTO para con los identificados OJEDAS y actuaciones por INFRACCI\u00d3N A LA LEY 23.737 para con el aprehendido GIM\u00c9NEZ.<\/p>\n<p><a href=\"http:\/\/distritalavellaneda.com.ar\/wp-content\/uploads\/2016\/06\/allanamientos-7ma-Avellaneda-02.jpg\"><img loading=\"lazy\" decoding=\"async\" class=\"alignnone size-medium wp-image-7840\" src=\"http:\/\/distritalavellaneda.com.ar\/wp-content\/uploads\/2016\/06\/allanamientos-7ma-Avellaneda-02-225x300.jpg\" alt=\"allanamientos 7ma Avellaneda 02\" width=\"225\" height=\"300\" \/><\/a> <a href=\"http:\/\/distritalavellaneda.com.ar\/wp-content\/uploads\/2016\/06\/allanamientos-7ma-Avellaneda-03.jpg\"><img loading=\"lazy\" decoding=\"async\" class=\"alignnone size-medium wp-image-7839\" src=\"http:\/\/distritalavellaneda.com.ar\/wp-content\/uploads\/2016\/06\/allanamientos-7ma-Avellaneda-03-300x225.jpg\" alt=\"allanamientos 7ma Avellaneda 03\" width=\"300\" height=\"225\" \/><\/a> <a href=\"http:\/\/distritalavellaneda.com.ar\/wp-content\/uploads\/2016\/06\/allanamientos-7ma-Avellaneda-04.jpg\"><img loading=\"lazy\" decoding=\"async\" class=\"alignnone size-medium wp-image-7838\" src=\"http:\/\/distritalavellaneda.com.ar\/wp-content\/uploads\/2016\/06\/allanamientos-7ma-Avellaneda-04-225x300.jpg\" alt=\"allanamientos 7ma Avellaneda 04\" width=\"225\" height=\"300\" \/><\/a><\/p>\n<p><strong>Fuente: <a href=\"http:\/\/departamentalavellanedalanuslomas.blogspot.com.ar\/\">Jefatura Departamental Avellaneda-Lan\u00fas-Lomas<\/a><\/strong><\/p>\n","protected":false},"excerpt":{"rendered":"<p>Hecho ocurrido el d\u00eda: Junio 22 de 2016 17.30 hs. Toma de conocimiento del hecho: Junio 22 de 2016 17:30 hs. Dependencia: Cr\u00eda. Avellaneda 7ma. Villa Corina LUGAR DEL HECHO: CAXARAVILLE esquina GENERAL PICO de V. Dom\u00ednico CAXARAVILLE n\u00famero 4452 de V. Dom\u00ednico GENERAL PICO 1899 de V. Domin\u00edco CALIFICACI\u00d3N LEGAL: ALLANAMIENTOS EN I.P.P. n\u00famero&hellip;<\/p>\n","protected":false},"author":1,"featured_media":0,"comment_status":"open","ping_status":"open","sticky":false,"template":"","format":"standard","meta":{"footnotes":""},"categories":[22],"tags":[493,16605,22301,7902,23294,4835,2818,2372],"class_list":["post-60256","post","type-post","status-publish","format-standard","hentry","category-policiales","tag-allanamientos","tag-comisaria-7ma","tag-comisario-mayor-javier-carlos-villar","tag-encubrimiento","tag-jefatura-departamental-avellaneda-lanus-lomas","tag-ley-23-737","tag-villa-corina","tag-villa-dominico"],"_links":{"self":[{"href":"https:\/\/www.elsindical.com.ar\/notas\/wp-json\/wp\/v2\/posts\/60256","targetHints":{"allow":["GET"]}}],"collection":[{"href":"https:\/\/www.elsindical.com.ar\/notas\/wp-json\/wp\/v2\/posts"}],"about":[{"href":"https:\/\/www.elsindical.com.ar\/notas\/wp-json\/wp\/v2\/types\/post"}],"author":[{"embeddable":true,"href":"https:\/\/www.elsindical.com.ar\/notas\/wp-json\/wp\/v2\/users\/1"}],"replies":[{"embeddable":true,"href":"https:\/\/www.elsindical.com.ar\/notas\/wp-json\/wp\/v2\/comments?post=60256"}],"version-history":[{"count":1,"href":"https:\/\/www.elsindical.com.ar\/notas\/wp-json\/wp\/v2\/posts\/60256\/revisions"}],"predecessor-version":[{"id":60257,"href":"https:\/\/www.elsindical.com.ar\/notas\/wp-json\/wp\/v2\/posts\/60256\/revisions\/60257"}],"wp:attachment":[{"href":"https:\/\/www.elsindical.com.ar\/notas\/wp-json\/wp\/v2\/media?parent=60256"}],"wp:term":[{"taxonomy":"category","embeddable":true,"href":"https:\/\/www.elsindical.com.ar\/notas\/wp-json\/wp\/v2\/categories?post=60256"},{"taxonomy":"post_tag","embeddable":true,"href":"https:\/\/www.elsindical.com.ar\/notas\/wp-json\/wp\/v2\/tags?post=60256"}],"curies":[{"name":"wp","href":"https:\/\/api.w.org\/{rel}","templated":true}]}}