{"id":60245,"date":"2016-06-22T16:32:17","date_gmt":"2016-06-22T19:32:17","guid":{"rendered":"http:\/\/www.elsindical.com.ar\/notas\/?p=60245"},"modified":"2016-06-22T16:32:17","modified_gmt":"2016-06-22T19:32:17","slug":"usuarios-molesto-por-aumento-de-la-tarifa-del-subte","status":"publish","type":"post","link":"https:\/\/www.elsindical.com.ar\/notas\/usuarios-molesto-por-aumento-de-la-tarifa-del-subte\/","title":{"rendered":"Usuarios molesto por aumento de la tarifa del subte"},"content":{"rendered":"<p><em><a href=\"http:\/\/www.elsindical.com.ar\/notas\/var\/www\/html\/notas\/wp-content\/uploads\/2016\/05\/sube-subte.jpg\"><img loading=\"lazy\" decoding=\"async\" class=\"alignnone size-medium wp-image-59243\" src=\"http:\/\/www.elsindical.com.ar\/notas\/var\/www\/html\/notas\/wp-content\/uploads\/2016\/05\/sube-subte-300x169.jpg\" alt=\"sube-subte\" width=\"300\" height=\"169\" srcset=\"https:\/\/www.elsindical.com.ar\/notas\/var\/www\/html\/notas\/wp-content\/uploads\/2016\/05\/sube-subte-300x169.jpg 300w, https:\/\/www.elsindical.com.ar\/notas\/var\/www\/html\/notas\/wp-content\/uploads\/2016\/05\/sube-subte-500x282.jpg 500w, https:\/\/www.elsindical.com.ar\/notas\/var\/www\/html\/notas\/wp-content\/uploads\/2016\/05\/sube-subte.jpg 531w\" sizes=\"auto, (max-width: 300px) 100vw, 300px\" \/><\/a>\u00a0 El subte aumentar\u00e1 a 7,50 y hay mucho rechazo entre los usuarios por esta nueva suba en el servicio.\u00a0<\/em><\/p>\n<p>El presidente de Subterr\u00e1neos de Buenos Aires (Sbase), Juan Pablo Piccardo, confirm\u00f3 que la tarifa del subterr\u00e1neo pasar\u00e1 a costar 7,50 pesos entre \u00ab20 d\u00edas y un mes\u00bb, durante la audiencia p\u00fablica no vinculante que se realiz\u00f3 ayer, hecho que provoc\u00f3 el rechazo de vecinos, legisladores de distintas fuerzas pol\u00edticas y trabajadores del subterr\u00e1neo.<\/p>\n<p>Muchos recordaron que cuando el subte pas\u00f3 a la \u00f3rbita del Gobierno de la Ciudad el valor del pasaje era de $1,20, inmediatamente pas\u00f3 a $3,50 en medio de especulaciones y protestas ya que se pensaba en un nuevo aumento y ahora el costo ser\u00e1 de $7,50 con la idea de llevarlo a $15 en un futuro muy pr\u00f3ximo.<\/p>\n<p>&nbsp;<\/p>\n","protected":false},"excerpt":{"rendered":"<p>\u00a0 El subte aumentar\u00e1 a 7,50 y hay mucho rechazo entre los usuarios por esta nueva suba en el servicio.\u00a0 El presidente de Subterr\u00e1neos de Buenos Aires (Sbase), Juan Pablo Piccardo, confirm\u00f3 que la tarifa del subterr\u00e1neo pasar\u00e1 a costar 7,50 pesos entre \u00ab20 d\u00edas y un mes\u00bb, durante la audiencia p\u00fablica no vinculante que&hellip;<\/p>\n","protected":false},"author":1,"featured_media":0,"comment_status":"open","ping_status":"open","sticky":false,"template":"","format":"standard","meta":{"footnotes":""},"categories":[9],"tags":[9023,876,376,2521],"class_list":["post-60245","post","type-post","status-publish","format-standard","hentry","category-economia","tag-pasaje","tag-subte","tag-usuarios","tag-valor"],"_links":{"self":[{"href":"https:\/\/www.elsindical.com.ar\/notas\/wp-json\/wp\/v2\/posts\/60245","targetHints":{"allow":["GET"]}}],"collection":[{"href":"https:\/\/www.elsindical.com.ar\/notas\/wp-json\/wp\/v2\/posts"}],"about":[{"href":"https:\/\/www.elsindical.com.ar\/notas\/wp-json\/wp\/v2\/types\/post"}],"author":[{"embeddable":true,"href":"https:\/\/www.elsindical.com.ar\/notas\/wp-json\/wp\/v2\/users\/1"}],"replies":[{"embeddable":true,"href":"https:\/\/www.elsindical.com.ar\/notas\/wp-json\/wp\/v2\/comments?post=60245"}],"version-history":[{"count":1,"href":"https:\/\/www.elsindical.com.ar\/notas\/wp-json\/wp\/v2\/posts\/60245\/revisions"}],"predecessor-version":[{"id":60246,"href":"https:\/\/www.elsindical.com.ar\/notas\/wp-json\/wp\/v2\/posts\/60245\/revisions\/60246"}],"wp:attachment":[{"href":"https:\/\/www.elsindical.com.ar\/notas\/wp-json\/wp\/v2\/media?parent=60245"}],"wp:term":[{"taxonomy":"category","embeddable":true,"href":"https:\/\/www.elsindical.com.ar\/notas\/wp-json\/wp\/v2\/categories?post=60245"},{"taxonomy":"post_tag","embeddable":true,"href":"https:\/\/www.elsindical.com.ar\/notas\/wp-json\/wp\/v2\/tags?post=60245"}],"curies":[{"name":"wp","href":"https:\/\/api.w.org\/{rel}","templated":true}]}}