{"id":60191,"date":"2016-06-18T01:26:23","date_gmt":"2016-06-18T04:26:23","guid":{"rendered":"http:\/\/www.elsindical.com.ar\/notas\/?p=60191"},"modified":"2016-06-18T01:26:23","modified_gmt":"2016-06-18T04:26:23","slug":"el-agua-se-cobrara-por-consumo-y-no-por-metros-cuadrados","status":"publish","type":"post","link":"https:\/\/www.elsindical.com.ar\/notas\/el-agua-se-cobrara-por-consumo-y-no-por-metros-cuadrados\/","title":{"rendered":"El agua se cobrar\u00e1 por consumo y no por metros cuadrados"},"content":{"rendered":"<p><em>\u00a0<a href=\"http:\/\/www.elsindical.com.ar\/notas\/var\/www\/html\/notas\/wp-content\/uploads\/2014\/10\/agua-potable.jpg\"><img loading=\"lazy\" decoding=\"async\" class=\"alignnone size-medium wp-image-45921\" src=\"http:\/\/www.elsindical.com.ar\/notas\/var\/www\/html\/notas\/wp-content\/uploads\/2014\/10\/agua-potable-300x300.jpg\" alt=\"agua-potable\" width=\"300\" height=\"300\" srcset=\"https:\/\/www.elsindical.com.ar\/notas\/var\/www\/html\/notas\/wp-content\/uploads\/2014\/10\/agua-potable-300x300.jpg 300w, https:\/\/www.elsindical.com.ar\/notas\/var\/www\/html\/notas\/wp-content\/uploads\/2014\/10\/agua-potable-150x150.jpg 150w, https:\/\/www.elsindical.com.ar\/notas\/var\/www\/html\/notas\/wp-content\/uploads\/2014\/10\/agua-potable.jpg 325w\" sizes=\"auto, (max-width: 300px) 100vw, 300px\" \/><\/a> AYSA aplicar\u00e1 este nuevo plan para las empresas y comercios en Capital y Gran Buenos Aires. Algunos usuarios residenciales podr\u00e1n aplicar a este sistema.\u00a0\u00a0\u00a0\u00a0\u00a0\u00a0\u00a0<\/em><\/p>\n<p>Una resoluci\u00f3n de la Subsecretar\u00eda de Recursos H\u00eddricos cambiar\u00e1 radicalmente la forma de abonar la factura de agua corriente: los clientes no residenciales pagar\u00e1n por metros c\u00fabicos consumidos y no por superficie.<\/p>\n<p>El plan medido que aplicar\u00e1 Agua y Saneamientos Argentinos (AySA) en la ciudad de Buenos Aires y el Conurbano est\u00e1 enfocado en las empresas, comercios y clubes de barrio. Esto permitir\u00e1 asociar la facturaci\u00f3n con el nivel de consumo y no con la cantidad de metros cuadrados. Muchas empresas con grandes superficies se vieron afectadas por este tipo de c\u00e1lculo tras la suba de tarifas. E incentivar\u00e1 el uso racional del agua.<\/p>\n<p>En la actualidad, AySA factura por superficie en aquellos domicilios donde no hay medidor. Mart\u00edn Heinrich, gerente general de AySA, asegur\u00f3 que s\u00f3lo un tercio de los 300.000 usuarios no residenciales tienen medidor. \u00abEs un objetivo que cumpliremos entre los 18 y 24 meses. Si no sumamos los medidores que faltan en un m\u00e1ximo de dos a\u00f1os, no facturaremos el consumo\u00bb, aclar\u00f3.<\/p>\n<p>\u00bfQu\u00e9 pasar\u00e1 con los usuarios residenciales? Si el cliente lo solicita, tambi\u00e9n podr\u00e1 ser ingresado en este plan de medici\u00f3n por consumo durante el bimestre, donde no existe ning\u00fan impedimento t\u00e9cnico. En ambos casos, el costo del medidor y la instalaci\u00f3n estar\u00e1 a cargo de AySA.<\/p>\n<p>Bajo la \u00f3rbita de la empresa hay 2,5 millones de clientes residenciales y de ese total, s\u00f3lo un 12% posee medidor. Para Heinrich, medir el consumo es \u00abuna pol\u00edtica deseable\u00bb pero que tiene dos problem\u00e1ticas para, por ejemplo, las casas y departamentos. La primera es que alguno pagar\u00edan m\u00e1s. \u00abSi a una casa de consumo promedio de 40 metros c\u00fabicos le instalamos un medidor, pasar\u00eda a pagar un 30% m\u00e1s. Esto es porque el sistema actual no est\u00e1 pensando para incentivar la medici\u00f3n por consumo\u00bb, dijo.<\/p>\n<p>Por eso, la empresa est\u00e1 avanzando en un estudio para cambiar el r\u00e9gimen tarifario. En segundo lugar, la mitad de los residenciales corresponden a departamentos en edificio de propiedad horizontal, por lo cual hoy es t\u00e9cnicamente imposible colocar un medidor en cada departamento. Esos son los dos principales problemas a resolver a mediano y largo plazo.<\/p>\n<p>A partir del cambio, los usuarios no residenciales y residenciales que tengan o quieran un plan de medici\u00f3n podr\u00e1n ver en su factura un gr\u00e1fico con la \u00abevoluci\u00f3n del consumo\u00bb por bimestre. Si no tienen medidor, el mensaje que se lee en la factura es el siguiente: \u00abNo corresponde histograma de la evoluci\u00f3n de consumos por ser un usuario no medido\u00bb.<\/p>\n<p>En las \u00faltimas semanas, consorcios, hogares y negocios empezaron a recibir las boletas con incrementos de hasta 375 por ciento.<\/p>\n<p>M\u00e1s all\u00e1 de la tarifa social que pueden solicitar los clubes de barrio y las asociaciones sin fines de lucro, AySA asegur\u00f3 que se implementar\u00e1 una \u00abrebaja de hasta un 50% en el cargo fijo de las pr\u00f3ximas facturas\u00bb.<\/p>\n<p>El esquema funcionar\u00e1 bajo la administraci\u00f3n y control del Ente Regulador de Agua y Saneamiento (ERAS) y cada asociaci\u00f3n deber\u00e1 hacer un pedido formal a la empresa. El beneficio alcanza a organizaciones comunitarias, clubes de barrio, comedores sociales, hospitales p\u00fablicos, universidades y escuelas p\u00fablicas y teatros.<\/p>\n<p>La factura de agua est\u00e1 compuesta por dos cargos: el fijo y el variable. El primero est\u00e1 estipulado seg\u00fan los coeficientes de modificaci\u00f3n, zonal y edificaci\u00f3n, tarifa general diaria (seg\u00fan categor\u00eda de usuario y servicios prestados), superficie cubierta, superficie del terreno y Aporte Universal Diario.<\/p>\n<p>El cargo variable es el que depende del consumo por bimestre. Si el usuario no tiene medidor, el concepto se determina \u00aben forma an\u00e1loga al cargo fijo\u00bb y funciona como un sustituto al determinado para el r\u00e9gimen medido.<\/p>\n","protected":false},"excerpt":{"rendered":"<p>\u00a0 AYSA aplicar\u00e1 este nuevo plan para las empresas y comercios en Capital y Gran Buenos Aires. Algunos usuarios residenciales podr\u00e1n aplicar a este sistema.\u00a0\u00a0\u00a0\u00a0\u00a0\u00a0\u00a0 Una resoluci\u00f3n de la Subsecretar\u00eda de Recursos H\u00eddricos cambiar\u00e1 radicalmente la forma de abonar la factura de agua corriente: los clientes no residenciales pagar\u00e1n por metros c\u00fabicos consumidos y no&hellip;<\/p>\n","protected":false},"author":1,"featured_media":0,"comment_status":"open","ping_status":"open","sticky":false,"template":"","format":"standard","meta":{"footnotes":""},"categories":[9],"tags":[1923,12912,2353,1319,373],"class_list":["post-60191","post","type-post","status-publish","format-standard","hentry","category-economia","tag-agua","tag-aysa","tag-clientes","tag-facturas","tag-tarifas"],"_links":{"self":[{"href":"https:\/\/www.elsindical.com.ar\/notas\/wp-json\/wp\/v2\/posts\/60191","targetHints":{"allow":["GET"]}}],"collection":[{"href":"https:\/\/www.elsindical.com.ar\/notas\/wp-json\/wp\/v2\/posts"}],"about":[{"href":"https:\/\/www.elsindical.com.ar\/notas\/wp-json\/wp\/v2\/types\/post"}],"author":[{"embeddable":true,"href":"https:\/\/www.elsindical.com.ar\/notas\/wp-json\/wp\/v2\/users\/1"}],"replies":[{"embeddable":true,"href":"https:\/\/www.elsindical.com.ar\/notas\/wp-json\/wp\/v2\/comments?post=60191"}],"version-history":[{"count":1,"href":"https:\/\/www.elsindical.com.ar\/notas\/wp-json\/wp\/v2\/posts\/60191\/revisions"}],"predecessor-version":[{"id":60192,"href":"https:\/\/www.elsindical.com.ar\/notas\/wp-json\/wp\/v2\/posts\/60191\/revisions\/60192"}],"wp:attachment":[{"href":"https:\/\/www.elsindical.com.ar\/notas\/wp-json\/wp\/v2\/media?parent=60191"}],"wp:term":[{"taxonomy":"category","embeddable":true,"href":"https:\/\/www.elsindical.com.ar\/notas\/wp-json\/wp\/v2\/categories?post=60191"},{"taxonomy":"post_tag","embeddable":true,"href":"https:\/\/www.elsindical.com.ar\/notas\/wp-json\/wp\/v2\/tags?post=60191"}],"curies":[{"name":"wp","href":"https:\/\/api.w.org\/{rel}","templated":true}]}}