{"id":60170,"date":"2016-06-16T22:18:08","date_gmt":"2016-06-17T01:18:08","guid":{"rendered":"http:\/\/www.elsindical.com.ar\/notas\/?p=60170"},"modified":"2016-06-16T22:18:08","modified_gmt":"2016-06-17T01:18:08","slug":"ultimatum-de-camioneros","status":"publish","type":"post","link":"https:\/\/www.elsindical.com.ar\/notas\/ultimatum-de-camioneros\/","title":{"rendered":"Ultim\u00e1tum de Camioneros"},"content":{"rendered":"<p class=\"copete\"><em>\u00a0<a href=\"http:\/\/www.elsindical.com.ar\/notas\/var\/www\/html\/notas\/wp-content\/uploads\/2010\/06\/Pablo-Moyano.jpg\"><img loading=\"lazy\" decoding=\"async\" class=\"alignnone size-full wp-image-6979\" src=\"http:\/\/www.elsindical.com.ar\/notas\/var\/www\/html\/notas\/wp-content\/uploads\/2010\/06\/Pablo-Moyano.jpg\" alt=\"Pablo-Moyano\" width=\"255\" height=\"149\" \/><\/a> Secretarios generales de todo el pa\u00eds facultaron a Hugo y Pablo Moyano para definir las medidas de fuerzas convenientes. El pr\u00f3ximo mi\u00e9rcoles ser\u00e1 la nueva audiencia con empresarios: si no hay acuerdo, habr\u00e1 paro o movilizaci\u00f3n a Plaza de Mayo.<\/em><\/p>\n<p>Dirigentes del <strong>Sindicato de Choferes de Camiones<\/strong> se reunieron este jueves en Capital Federal definieron darle la facultad a <strong>Hugo y Pablo Moyano<\/strong> para que definan las medidas que crean convenientes, seg\u00fan public\u00f3 la agencia de noticias NA.<\/p>\n<p>El encuentro se realiz\u00f3 luego de un nuevo fracaso en la negociaci\u00f3n paritaria que mantiene el gremio con las c\u00e1maras empresarias del sector, donde <strong>se ofert\u00f3 un incremento salarial del 29,5% en tramos<\/strong>. Moyano rechaz\u00f3 el ofrecimiento y ratific\u00f3 el pedido de un 42% de aumento.<\/p>\n<p>Todo indicaba que hoy lanzar\u00edan una medida de fuerza, pero los representantes sindicales acordaron <strong>esperar hasta la pr\u00f3xima audiencia<\/strong> que tendr\u00e1 lugar el mi\u00e9rcoles 22 de junio, con supervisaci\u00f3n de autoridades del ministerio de Trabajo nacional.<\/p>\n<p>De fracasar otra vez la paritaria, los Moyano<strong> lanzar\u00e1n un paro nacional de 24 horas<\/strong> que afectar\u00e1 todas las ramas de la actividad, aunque tambi\u00e9n se baraja la posibilidad de una multitudinaria movilizaci\u00f3n a Plaza de Mayo.<\/p>\n<p class=\"copete\">\n","protected":false},"excerpt":{"rendered":"<p>\u00a0 Secretarios generales de todo el pa\u00eds facultaron a Hugo y Pablo Moyano para definir las medidas de fuerzas convenientes. El pr\u00f3ximo mi\u00e9rcoles ser\u00e1 la nueva audiencia con empresarios: si no hay acuerdo, habr\u00e1 paro o movilizaci\u00f3n a Plaza de Mayo. Dirigentes del Sindicato de Choferes de Camiones se reunieron este jueves en Capital Federal&hellip;<\/p>\n","protected":false},"author":1,"featured_media":0,"comment_status":"open","ping_status":"open","sticky":false,"template":"","format":"standard","meta":{"footnotes":""},"categories":[16],"tags":[3025,5639,632,67],"class_list":["post-60170","post","type-post","status-publish","format-standard","hentry","category-gremiales","tag-medidas-de-fuerza","tag-ministerio-de-trabajo-de-la-nacion","tag-pablo-moyano","tag-paro"],"_links":{"self":[{"href":"https:\/\/www.elsindical.com.ar\/notas\/wp-json\/wp\/v2\/posts\/60170","targetHints":{"allow":["GET"]}}],"collection":[{"href":"https:\/\/www.elsindical.com.ar\/notas\/wp-json\/wp\/v2\/posts"}],"about":[{"href":"https:\/\/www.elsindical.com.ar\/notas\/wp-json\/wp\/v2\/types\/post"}],"author":[{"embeddable":true,"href":"https:\/\/www.elsindical.com.ar\/notas\/wp-json\/wp\/v2\/users\/1"}],"replies":[{"embeddable":true,"href":"https:\/\/www.elsindical.com.ar\/notas\/wp-json\/wp\/v2\/comments?post=60170"}],"version-history":[{"count":1,"href":"https:\/\/www.elsindical.com.ar\/notas\/wp-json\/wp\/v2\/posts\/60170\/revisions"}],"predecessor-version":[{"id":60171,"href":"https:\/\/www.elsindical.com.ar\/notas\/wp-json\/wp\/v2\/posts\/60170\/revisions\/60171"}],"wp:attachment":[{"href":"https:\/\/www.elsindical.com.ar\/notas\/wp-json\/wp\/v2\/media?parent=60170"}],"wp:term":[{"taxonomy":"category","embeddable":true,"href":"https:\/\/www.elsindical.com.ar\/notas\/wp-json\/wp\/v2\/categories?post=60170"},{"taxonomy":"post_tag","embeddable":true,"href":"https:\/\/www.elsindical.com.ar\/notas\/wp-json\/wp\/v2\/tags?post=60170"}],"curies":[{"name":"wp","href":"https:\/\/api.w.org\/{rel}","templated":true}]}}