{"id":60152,"date":"2016-06-16T19:44:58","date_gmt":"2016-06-16T22:44:58","guid":{"rendered":"http:\/\/www.elsindical.com.ar\/notas\/?p=60152"},"modified":"2016-06-16T19:44:58","modified_gmt":"2016-06-16T22:44:58","slug":"farmacias-suspendieron-la-atencion-a-pami","status":"publish","type":"post","link":"https:\/\/www.elsindical.com.ar\/notas\/farmacias-suspendieron-la-atencion-a-pami\/","title":{"rendered":"Farmacias suspendieron la atenci\u00f3n a PAMI"},"content":{"rendered":"<p><em>\u00a0<a href=\"http:\/\/www.elsindical.com.ar\/notas\/var\/www\/html\/notas\/wp-content\/uploads\/2010\/02\/medicamentos.jpg\"><img loading=\"lazy\" decoding=\"async\" class=\"alignnone size-full wp-image-3264\" src=\"http:\/\/www.elsindical.com.ar\/notas\/var\/www\/html\/notas\/wp-content\/uploads\/2010\/02\/medicamentos.jpg\" alt=\"medicamentos\" width=\"198\" height=\"146\" \/><\/a>\u00a0 La medida rige desde la madrugada de hoy en todas las farmacias prestadoras del convenio PAMI. El director ejecutivo de la obra social, Carlos Regazzoni, asegur\u00f3 que \u00abest\u00e1n trabajando\u00bb para resolver el conflicto.<\/em><\/p>\n<p>Desde la C\u00e1mara Empresaria de Laboratorios Farmac\u00e9uticos (COOPERALA) ratificaron \u00abla existencia de una deuda millonaria\u00bb con las farmacias y apuntaron que est\u00e1n trabajando, junto al PAMI, \u00abpara resolver el problema\u00bb.<\/p>\n<p>\u00abEstamos tratando de resolver el tema para que el instituto pague y se le pueda dar soluci\u00f3n a las farmacias y a los jubilados\u00bb, se\u00f1al\u00f3 el director ejecutivo de Cooperala, Juan Carlos L\u00f3pez.<\/p>\n<p>Y agreg\u00f3: \u00abTenemos esperanza de que se regularicen los pagos, en que va a existir un esfuerzo del instituto y se resolver\u00e1 la situaci\u00f3n\u00bb.<\/p>\n<p>Esta ma\u00f1ana, el presidente de la Confederaci\u00f3n Farmac\u00e9utica Argentina, Ra\u00fal Mascar\u00f3, explic\u00f3 que las farmacias no atender\u00e1n con descuento de PAMI porque \u00abla deuda de PAMI crece mes a mes\u00bb y \u00abel d\u00e9ficit lo financian las farmacias\u00bb.<\/p>\n<p>\u00abNo hay un cronograma de pagos, se paga mucho menos de lo que se factura y cobramos a precio viejo. El convenio es inviable\u00bb, detall\u00f3 en declaraciones radiales.<\/p>\n<p>Adelant\u00f3 que \u00abno habr\u00e1 descuentos\u00bb hasta que se tenga \u00abun cronograma de pagos\u00bb. El titular de COFA advirti\u00f3 adem\u00e1s que no pueden \u00abreponer medicamentes ni para PAMI ni para ninguna otra obra social\u00bb, por lo que \u00abpodr\u00edan faltar medicamentos\u00bb.<\/p>\n","protected":false},"excerpt":{"rendered":"<p>\u00a0\u00a0 La medida rige desde la madrugada de hoy en todas las farmacias prestadoras del convenio PAMI. El director ejecutivo de la obra social, Carlos Regazzoni, asegur\u00f3 que \u00abest\u00e1n trabajando\u00bb para resolver el conflicto. Desde la C\u00e1mara Empresaria de Laboratorios Farmac\u00e9uticos (COOPERALA) ratificaron \u00abla existencia de una deuda millonaria\u00bb con las farmacias y apuntaron que&hellip;<\/p>\n","protected":false},"author":1,"featured_media":0,"comment_status":"open","ping_status":"open","sticky":false,"template":"","format":"standard","meta":{"footnotes":""},"categories":[23],"tags":[22563,8611,23794,1590,9566,44,12144,3582],"class_list":["post-60152","post","type-post","status-publish","format-standard","hentry","category-salud","tag-carlos-regazzoni","tag-cofa","tag-cooperala","tag-deuda","tag-farmacias","tag-medicamentos","tag-millonaria","tag-pami"],"_links":{"self":[{"href":"https:\/\/www.elsindical.com.ar\/notas\/wp-json\/wp\/v2\/posts\/60152","targetHints":{"allow":["GET"]}}],"collection":[{"href":"https:\/\/www.elsindical.com.ar\/notas\/wp-json\/wp\/v2\/posts"}],"about":[{"href":"https:\/\/www.elsindical.com.ar\/notas\/wp-json\/wp\/v2\/types\/post"}],"author":[{"embeddable":true,"href":"https:\/\/www.elsindical.com.ar\/notas\/wp-json\/wp\/v2\/users\/1"}],"replies":[{"embeddable":true,"href":"https:\/\/www.elsindical.com.ar\/notas\/wp-json\/wp\/v2\/comments?post=60152"}],"version-history":[{"count":1,"href":"https:\/\/www.elsindical.com.ar\/notas\/wp-json\/wp\/v2\/posts\/60152\/revisions"}],"predecessor-version":[{"id":60153,"href":"https:\/\/www.elsindical.com.ar\/notas\/wp-json\/wp\/v2\/posts\/60152\/revisions\/60153"}],"wp:attachment":[{"href":"https:\/\/www.elsindical.com.ar\/notas\/wp-json\/wp\/v2\/media?parent=60152"}],"wp:term":[{"taxonomy":"category","embeddable":true,"href":"https:\/\/www.elsindical.com.ar\/notas\/wp-json\/wp\/v2\/categories?post=60152"},{"taxonomy":"post_tag","embeddable":true,"href":"https:\/\/www.elsindical.com.ar\/notas\/wp-json\/wp\/v2\/tags?post=60152"}],"curies":[{"name":"wp","href":"https:\/\/api.w.org\/{rel}","templated":true}]}}