{"id":60119,"date":"2016-06-15T09:34:13","date_gmt":"2016-06-15T12:34:13","guid":{"rendered":"http:\/\/www.elsindical.com.ar\/notas\/?p=60119"},"modified":"2016-06-15T09:34:13","modified_gmt":"2016-06-15T12:34:13","slug":"miercoles-sin-subte-linea-b-por-paro-y-reclamo","status":"publish","type":"post","link":"https:\/\/www.elsindical.com.ar\/notas\/miercoles-sin-subte-linea-b-por-paro-y-reclamo\/","title":{"rendered":"Mi\u00e9rcoles sin subte l\u00ednea B por paro y reclamo"},"content":{"rendered":"<p><em><a href=\"http:\/\/www.elsindical.com.ar\/notas\/var\/www\/html\/notas\/wp-content\/uploads\/2010\/05\/paro-s\u00fabte-l\u00ednea-B.jpg\"><img loading=\"lazy\" decoding=\"async\" class=\"alignnone size-full wp-image-6119\" src=\"http:\/\/www.elsindical.com.ar\/notas\/var\/www\/html\/notas\/wp-content\/uploads\/2010\/05\/paro-s\u00fabte-l\u00ednea-B.jpg\" alt=\"paro-s\u00fabte-l\u00ednea-B\" width=\"227\" height=\"154\" \/><\/a>\u00a0 Mientras los Metrodelegados reclaman mejoras laborales, desde Metrov\u00edas dicen que los empleados se niegan a trabajar m\u00e1s de cuatro horas diarias.\u00a0\u00a0\u00a0\u00a0\u00a0\u00a0\u00a0\u00a0\u00a0\u00a0\u00a0\u00a0<\/em><\/p>\n<p>Seg\u00fan los Metrodelegados, a lo largo de dos meses intentaron resolver temas vinculados con las condiciones de trabajo en el subte y como respuesta, dicen, s\u00f3lo recibieron evasivas y provocaciones por parte de la empresa.<\/p>\n<p>Enrique Rositto, secretario de prensa de AGTSYP, anticip\u00f3 que no descartan que la medida de fuerza pueda repetirse la semana que viene si Metrov\u00edas no abona los salarios mal liquidados.<\/p>\n<p>Desde Metrov\u00edas sostienen en cambio que el verdadero motivo de conflicto obedece a que los conductores guardas de la L\u00ednea B se niegan a trabajar m\u00e1s de cuatro horas diarias y por ello no completan su diagrama de trabajo.<\/p>\n","protected":false},"excerpt":{"rendered":"<p>\u00a0 Mientras los Metrodelegados reclaman mejoras laborales, desde Metrov\u00edas dicen que los empleados se niegan a trabajar m\u00e1s de cuatro horas diarias.\u00a0\u00a0\u00a0\u00a0\u00a0\u00a0\u00a0\u00a0\u00a0\u00a0\u00a0\u00a0 Seg\u00fan los Metrodelegados, a lo largo de dos meses intentaron resolver temas vinculados con las condiciones de trabajo en el subte y como respuesta, dicen, s\u00f3lo recibieron evasivas y provocaciones por parte de&hellip;<\/p>\n","protected":false},"author":1,"featured_media":0,"comment_status":"open","ping_status":"open","sticky":false,"template":"","format":"standard","meta":{"footnotes":""},"categories":[16],"tags":[4912,67,876],"class_list":["post-60119","post","type-post","status-publish","format-standard","hentry","category-gremiales","tag-linea-b","tag-paro","tag-subte"],"_links":{"self":[{"href":"https:\/\/www.elsindical.com.ar\/notas\/wp-json\/wp\/v2\/posts\/60119","targetHints":{"allow":["GET"]}}],"collection":[{"href":"https:\/\/www.elsindical.com.ar\/notas\/wp-json\/wp\/v2\/posts"}],"about":[{"href":"https:\/\/www.elsindical.com.ar\/notas\/wp-json\/wp\/v2\/types\/post"}],"author":[{"embeddable":true,"href":"https:\/\/www.elsindical.com.ar\/notas\/wp-json\/wp\/v2\/users\/1"}],"replies":[{"embeddable":true,"href":"https:\/\/www.elsindical.com.ar\/notas\/wp-json\/wp\/v2\/comments?post=60119"}],"version-history":[{"count":1,"href":"https:\/\/www.elsindical.com.ar\/notas\/wp-json\/wp\/v2\/posts\/60119\/revisions"}],"predecessor-version":[{"id":60120,"href":"https:\/\/www.elsindical.com.ar\/notas\/wp-json\/wp\/v2\/posts\/60119\/revisions\/60120"}],"wp:attachment":[{"href":"https:\/\/www.elsindical.com.ar\/notas\/wp-json\/wp\/v2\/media?parent=60119"}],"wp:term":[{"taxonomy":"category","embeddable":true,"href":"https:\/\/www.elsindical.com.ar\/notas\/wp-json\/wp\/v2\/categories?post=60119"},{"taxonomy":"post_tag","embeddable":true,"href":"https:\/\/www.elsindical.com.ar\/notas\/wp-json\/wp\/v2\/tags?post=60119"}],"curies":[{"name":"wp","href":"https:\/\/api.w.org\/{rel}","templated":true}]}}