{"id":60102,"date":"2016-06-14T21:31:43","date_gmt":"2016-06-15T00:31:43","guid":{"rendered":"http:\/\/www.elsindical.com.ar\/notas\/?p=60102"},"modified":"2016-06-14T21:31:43","modified_gmt":"2016-06-15T00:31:43","slug":"lanus-matan-a-joven-de-un-balazo-por-la-espalda-en-villa-diamante","status":"publish","type":"post","link":"https:\/\/www.elsindical.com.ar\/notas\/lanus-matan-a-joven-de-un-balazo-por-la-espalda-en-villa-diamante\/","title":{"rendered":"Lan\u00fas: Matan a joven de un balazo por la espalda en Villa Diamante"},"content":{"rendered":"<p><em><a href=\"http:\/\/www.elsindical.com.ar\/notas\/var\/www\/html\/notas\/wp-content\/uploads\/2016\/06\/asesinato-Villa-Diamante.jpg\"><img loading=\"lazy\" decoding=\"async\" class=\"alignnone size-medium wp-image-60103\" src=\"http:\/\/www.elsindical.com.ar\/notas\/var\/www\/html\/notas\/wp-content\/uploads\/2016\/06\/asesinato-Villa-Diamante-300x158.jpg\" alt=\"asesinato-Villa-Diamante\" width=\"300\" height=\"158\" srcset=\"https:\/\/www.elsindical.com.ar\/notas\/var\/www\/html\/notas\/wp-content\/uploads\/2016\/06\/asesinato-Villa-Diamante-300x158.jpg 300w, https:\/\/www.elsindical.com.ar\/notas\/var\/www\/html\/notas\/wp-content\/uploads\/2016\/06\/asesinato-Villa-Diamante-500x263.jpg 500w, https:\/\/www.elsindical.com.ar\/notas\/var\/www\/html\/notas\/wp-content\/uploads\/2016\/06\/asesinato-Villa-Diamante.jpg 531w\" sizes=\"auto, (max-width: 300px) 100vw, 300px\" \/><\/a>\u00a0 En la localidad bonaerense de Villa Diamante, en el partido de Lan\u00fas,\u00a0un hombre\u00a0de 27 a\u00f1os fue salvajemente asesinado de un tiro de escopeta tras ser agredido por un individuo\u00a0que luego se dio a la fuga.<\/em><\/p>\n<p>Por motivos que se investigan, un joven de 27 a\u00f1os fue salvajemente asesinado de un tiro de escopeta en la espalda tras ser agredido por un individuo, que luego se dio a la fuga.<\/p>\n<p>El dram\u00e1tico y cruento suceso se registr\u00f3 en la localidad bonaerense de Villa Diamante, en el partido de Lan\u00fas, y ahora las autoridades policiales tratan de averiguar el paradero del responsable del crimen.<\/p>\n<p>Los voceros de los tribunales de Lomas de Zamora revelaron que la infortunada v\u00edctima fue identificada como<strong> Marcelo Alejandro Ledezma<\/strong>, 27 a\u00f1os.<\/p>\n<p>Trascendi\u00f3 que el hecho se produjo en el cruce de Comandante Prado y Roberto Arlt, en el citado distrito, en el sur del conurbano provincial, cuando el damnificado mantuvo una acalorada reyerta vecinal con un sujeto.<\/p>\n<p>De acuerdo a lo manifestado por los informantes, la mencionada disputa finaliz\u00f3 en tragedia, porque este \u00faltimo le dispar\u00f3, a escasa distancia, un tiro en la espalda, con una escopeta, a su adversario, quien cay\u00f3 en un charco de sangre.<\/p>\n<p>Momentos despu\u00e9s, Ledezma tuvo que ser trasladado de urgencia al Hospital Evita, de Lan\u00fas, donde fue operado por los m\u00e9dicos del centro asistencial.<\/p>\n<p>Finalmente el joven dej\u00f3 de existir en el nosocomio a ra\u00edz de la gravedad de sus heridas.<\/p>\n<p><u><em><strong>Procedimientos <\/strong><\/em><\/u><\/p>\n<p>En la jornada de ayer, los pesquisas policiales de la comisar\u00eda de Villa Diamante (5\u00aa de Lan\u00fas) realizaron una serie de diligencias en dicha zona con el objetivo de localizar al responsable de la muerte del muchacho. Al respecto, no se descarta que el autor del asesinato se haya escondido en alguna villa de emergencia.<\/p>\n<p>Funcionarios de los tribunales lomenses reconocieron que las personas allegadas al fallecido se mostraron reticentes a proporcionar detalles de lo sucedido.<\/p>\n<p>Intervino en la causa, que fue caratulada<em> \u201cHomicidio\u201d<\/em>, el doctor<strong> H\u00e9ctor Toneguzzo<\/strong>, fiscal de la Unidad Funcional N\u00ba 3 del departamento judicial de Lomas de Zamora.<\/p>\n<p>&nbsp;<\/p>\n<p><strong>Fuente: Cr\u00f3nica<\/strong><\/p>\n","protected":false},"excerpt":{"rendered":"<p>\u00a0 En la localidad bonaerense de Villa Diamante, en el partido de Lan\u00fas,\u00a0un hombre\u00a0de 27 a\u00f1os fue salvajemente asesinado de un tiro de escopeta tras ser agredido por un individuo\u00a0que luego se dio a la fuga. Por motivos que se investigan, un joven de 27 a\u00f1os fue salvajemente asesinado de un tiro de escopeta en&hellip;<\/p>\n","protected":false},"author":1,"featured_media":0,"comment_status":"open","ping_status":"open","sticky":false,"template":"","format":"standard","meta":{"footnotes":""},"categories":[22],"tags":[388,209,744,23779,3262],"class_list":["post-60102","post","type-post","status-publish","format-standard","hentry","category-policiales","tag-disparo","tag-lanus","tag-lomas-de-zamora","tag-marcelo-alejandro-ledezma","tag-villa-diamante"],"_links":{"self":[{"href":"https:\/\/www.elsindical.com.ar\/notas\/wp-json\/wp\/v2\/posts\/60102","targetHints":{"allow":["GET"]}}],"collection":[{"href":"https:\/\/www.elsindical.com.ar\/notas\/wp-json\/wp\/v2\/posts"}],"about":[{"href":"https:\/\/www.elsindical.com.ar\/notas\/wp-json\/wp\/v2\/types\/post"}],"author":[{"embeddable":true,"href":"https:\/\/www.elsindical.com.ar\/notas\/wp-json\/wp\/v2\/users\/1"}],"replies":[{"embeddable":true,"href":"https:\/\/www.elsindical.com.ar\/notas\/wp-json\/wp\/v2\/comments?post=60102"}],"version-history":[{"count":1,"href":"https:\/\/www.elsindical.com.ar\/notas\/wp-json\/wp\/v2\/posts\/60102\/revisions"}],"predecessor-version":[{"id":60104,"href":"https:\/\/www.elsindical.com.ar\/notas\/wp-json\/wp\/v2\/posts\/60102\/revisions\/60104"}],"wp:attachment":[{"href":"https:\/\/www.elsindical.com.ar\/notas\/wp-json\/wp\/v2\/media?parent=60102"}],"wp:term":[{"taxonomy":"category","embeddable":true,"href":"https:\/\/www.elsindical.com.ar\/notas\/wp-json\/wp\/v2\/categories?post=60102"},{"taxonomy":"post_tag","embeddable":true,"href":"https:\/\/www.elsindical.com.ar\/notas\/wp-json\/wp\/v2\/tags?post=60102"}],"curies":[{"name":"wp","href":"https:\/\/api.w.org\/{rel}","templated":true}]}}