{"id":60086,"date":"2016-06-13T22:11:46","date_gmt":"2016-06-14T01:11:46","guid":{"rendered":"http:\/\/www.elsindical.com.ar\/notas\/?p=60086"},"modified":"2016-06-13T22:11:46","modified_gmt":"2016-06-14T01:11:46","slug":"detienen-a-dirigente-de-la-amia-acusado-de-tener-prostibulos","status":"publish","type":"post","link":"https:\/\/www.elsindical.com.ar\/notas\/detienen-a-dirigente-de-la-amia-acusado-de-tener-prostibulos\/","title":{"rendered":"Detienen a dirigente de la AMIA acusado de tener prost\u00edbulos"},"content":{"rendered":"<p><em><a href=\"http:\/\/www.elsindical.com.ar\/notas\/var\/www\/html\/notas\/wp-content\/uploads\/2016\/06\/Daniel-Olkenitzky.jpg\"><img loading=\"lazy\" decoding=\"async\" class=\"alignnone size-medium wp-image-60087\" src=\"http:\/\/www.elsindical.com.ar\/notas\/var\/www\/html\/notas\/wp-content\/uploads\/2016\/06\/Daniel-Olkenitzky-300x169.jpg\" alt=\"Daniel-Olkenitzky\" width=\"300\" height=\"169\" srcset=\"https:\/\/www.elsindical.com.ar\/notas\/var\/www\/html\/notas\/wp-content\/uploads\/2016\/06\/Daniel-Olkenitzky-300x169.jpg 300w, https:\/\/www.elsindical.com.ar\/notas\/var\/www\/html\/notas\/wp-content\/uploads\/2016\/06\/Daniel-Olkenitzky-500x282.jpg 500w, https:\/\/www.elsindical.com.ar\/notas\/var\/www\/html\/notas\/wp-content\/uploads\/2016\/06\/Daniel-Olkenitzky.jpg 620w\" sizes=\"auto, (max-width: 300px) 100vw, 300px\" \/><\/a>\u00a0 Se trata de Daniel Olkenitzk, uno de los directivos de la comunidad jud\u00eda, est\u00e1 sospechado de regentear numerosos departamentos \u00abprivados\u00bb donde se ejerc\u00eda la prostituci\u00f3n.\u00a0\u00a0\u00a0\u00a0\u00a0\u00a0<\/em><\/p>\n<p>El directivo de la comunidad jud\u00eda Daniel Olkenitzky fue detenido por orden del juez federal Luis Rodr\u00edguez, sospechado de regentear numerosos departamentos \u00abprivados\u00bb donde se ejerc\u00eda la prostituci\u00f3n.<\/p>\n<p>Olkenitzky, quien integra una comisi\u00f3n de la AMIA, est\u00e1 acusado por haber utilizado su rol de empresario de la construcci\u00f3n para quedarse con departamentos que alquilaba a prostitutas para que ejercieran su trabajo y les cobraba entre 1.500 y 2.500 pesos por semana y por mujer.<\/p>\n<p>La investigaci\u00f3n permiti\u00f3 detectar al menos 24 \u00abprivados\u00bb en los barrios de Palermo, Caballito, Villa Crespo y Belgrano, todos ellos formando parte de edificios de reciente construcci\u00f3n en los que Olkenitzky interven\u00eda como constructor y se quedaba con unidades como pago de sus honorarios.<\/p>\n<p>Olkenitzky, seg\u00fan la investigaci\u00f3n que llev\u00f3 adelante el fiscal Federico Delgado, contactaba a las meretrices a trav\u00e9s de contactos y de la p\u00e1gina de internet www.todomasajes.net.<\/p>\n<p>Escuchas telef\u00f3nicas ordenadas por el juez Rodr\u00edguez en la causa, que se inici\u00f3 por una denuncia an\u00f3nima en noviembre de 2014, detectaron las negociaciones con las prostitutas.<\/p>\n","protected":false},"excerpt":{"rendered":"<p>\u00a0 Se trata de Daniel Olkenitzk, uno de los directivos de la comunidad jud\u00eda, est\u00e1 sospechado de regentear numerosos departamentos \u00abprivados\u00bb donde se ejerc\u00eda la prostituci\u00f3n.\u00a0\u00a0\u00a0\u00a0\u00a0\u00a0 El directivo de la comunidad jud\u00eda Daniel Olkenitzky fue detenido por orden del juez federal Luis Rodr\u00edguez, sospechado de regentear numerosos departamentos \u00abprivados\u00bb donde se ejerc\u00eda la prostituci\u00f3n. Olkenitzky,&hellip;<\/p>\n","protected":false},"author":1,"featured_media":0,"comment_status":"open","ping_status":"open","sticky":false,"template":"","format":"standard","meta":{"footnotes":""},"categories":[22],"tags":[475,23775,5938,491],"class_list":["post-60086","post","type-post","status-publish","format-standard","hentry","category-policiales","tag-amia","tag-daniel-olkenitzky","tag-federico-delgado","tag-prostitucion"],"_links":{"self":[{"href":"https:\/\/www.elsindical.com.ar\/notas\/wp-json\/wp\/v2\/posts\/60086","targetHints":{"allow":["GET"]}}],"collection":[{"href":"https:\/\/www.elsindical.com.ar\/notas\/wp-json\/wp\/v2\/posts"}],"about":[{"href":"https:\/\/www.elsindical.com.ar\/notas\/wp-json\/wp\/v2\/types\/post"}],"author":[{"embeddable":true,"href":"https:\/\/www.elsindical.com.ar\/notas\/wp-json\/wp\/v2\/users\/1"}],"replies":[{"embeddable":true,"href":"https:\/\/www.elsindical.com.ar\/notas\/wp-json\/wp\/v2\/comments?post=60086"}],"version-history":[{"count":1,"href":"https:\/\/www.elsindical.com.ar\/notas\/wp-json\/wp\/v2\/posts\/60086\/revisions"}],"predecessor-version":[{"id":60088,"href":"https:\/\/www.elsindical.com.ar\/notas\/wp-json\/wp\/v2\/posts\/60086\/revisions\/60088"}],"wp:attachment":[{"href":"https:\/\/www.elsindical.com.ar\/notas\/wp-json\/wp\/v2\/media?parent=60086"}],"wp:term":[{"taxonomy":"category","embeddable":true,"href":"https:\/\/www.elsindical.com.ar\/notas\/wp-json\/wp\/v2\/categories?post=60086"},{"taxonomy":"post_tag","embeddable":true,"href":"https:\/\/www.elsindical.com.ar\/notas\/wp-json\/wp\/v2\/tags?post=60086"}],"curies":[{"name":"wp","href":"https:\/\/api.w.org\/{rel}","templated":true}]}}