{"id":60084,"date":"2016-06-13T20:41:39","date_gmt":"2016-06-13T23:41:39","guid":{"rendered":"http:\/\/www.elsindical.com.ar\/notas\/?p=60084"},"modified":"2016-06-13T20:41:39","modified_gmt":"2016-06-13T23:41:39","slug":"avellaneda-personal-policial-rescato-a-un-privado-de-la-libertad-y-detuvo-a-uno-de-los-delincuentes-tras-persecucion","status":"publish","type":"post","link":"https:\/\/www.elsindical.com.ar\/notas\/avellaneda-personal-policial-rescato-a-un-privado-de-la-libertad-y-detuvo-a-uno-de-los-delincuentes-tras-persecucion\/","title":{"rendered":"Avellaneda: Personal policial rescato a un privado de la libertad y detuvo a uno de los delincuentes tras persecuci\u00f3n"},"content":{"rendered":"<p><a href=\"http:\/\/distritalavellaneda.com.ar\/wp-content\/uploads\/2016\/06\/Jefatura-Departamental-Zona-Sur.jpg\"><img loading=\"lazy\" decoding=\"async\" class=\"alignnone size-medium wp-image-7748\" src=\"http:\/\/distritalavellaneda.com.ar\/wp-content\/uploads\/2016\/06\/Jefatura-Departamental-Zona-Sur-300x225.jpg\" alt=\"Jefatura-Departamental-Zona-Sur\" width=\"300\" height=\"225\" \/><\/a>13-6-16 11:20 horas se toma conocimiento mediante 911 que en calle Mitre e Iguaz\u00fa de este medio hab\u00edan sustra\u00eddo una Renault Trafic Blanca patente AOB 041 con apoyo de un Fiat Palio Oscuro donde varios N.N armados bajan a la dotaci\u00f3n de la Trafic que portaba cargamento de librer\u00eda bajando WILLRE JORGE llev\u00e1ndose privado de la libertad a LOP\u00c9Z \u00c1NGEL EMANUEL argentino de 27 a\u00f1os.<\/p>\n<p>Que ante esta situaci\u00f3n Jefe de turno del C.P Avellaneda desplaza M\u00f3viles en Operativo cerrojo cercando a la Trafic en Dock Sud y siempre prevaleciendo la vida de la v\u00edctima privada de la libertad. As\u00ed mismo emprende seguimiento cauteloso por parte del Jefe de Destacamento Dock Sud y coordinando el seguimiento de la Trafic que subi\u00f3 el Puente del peaje de Dock Sud y todo el raid continuo hasta el Partido de Esteban Echeverr\u00eda coordinando entre el M\u00f3vil del destacamento, radio Lan\u00fas, PFA y C.P de Lomas de Zamora y Esteban Echeverr\u00eda donde desde el C.P Avellaneda se orden\u00f3 cierren los pasos a Provincia en los Puentes, hasta que bajan y toman Camino de Cintura seguidos por M\u00f3vil del destacamento Dock Sud.<\/p>\n<p>Que tomando raz\u00f3n del seguimiento via radial personal del Gabinete de Prevenci\u00f3n de Transradio en calle Guamini y Santos Vega de Cr\u00eda Transradio intercepta la Trafic blanca patente AOB 041 donde bajan de a bordo de la misma a CASTRO WALTER ANTONIO argentino de 30 a\u00f1os, ddo barrio Rivadavia casa 475 del Bajo Flores.<\/p>\n<p>Donde adem\u00e1s dejando abandonado el Fiat palio Oscuro que obro de apoyo d\u00e1ndosele intervenci\u00f3n a la UFI en turno y pericias de Rigor.<\/p>\n<p>Se deja constancia que L\u00d3PEZ \u00c1NGEL EMANUEL fue dejado en COTO de SARAND\u00ed sano y salvo.<\/p>\n<p>Se deja constancia que M\u00f3vil del Destacamento Dock Sud con su Jefe siguieron la unidad robada desde Dock Sud hasta Esteban Echeverr\u00eda donde se procedi\u00f3 a la aprehensi\u00f3n de CASTRO.<\/p>\n<p>&nbsp;<\/p>\n<p><strong>Fuente: <a href=\"http:\/\/departamentalavellanedalanuslomas.blogspot.com.ar\/\">Jefatura Departamental Avellaneda-Lan\u00fas-Lomas<\/a><\/strong><\/p>\n","protected":false},"excerpt":{"rendered":"<p>13-6-16 11:20 horas se toma conocimiento mediante 911 que en calle Mitre e Iguaz\u00fa de este medio hab\u00edan sustra\u00eddo una Renault Trafic Blanca patente AOB 041 con apoyo de un Fiat Palio Oscuro donde varios N.N armados bajan a la dotaci\u00f3n de la Trafic que portaba cargamento de librer\u00eda bajando WILLRE JORGE llev\u00e1ndose privado de&hellip;<\/p>\n","protected":false},"author":1,"featured_media":0,"comment_status":"open","ping_status":"open","sticky":false,"template":"","format":"standard","meta":{"footnotes":""},"categories":[22],"tags":[22301,3028,1905,23294,6132],"class_list":["post-60084","post","type-post","status-publish","format-standard","hentry","category-policiales","tag-comisario-mayor-javier-carlos-villar","tag-dock-sud","tag-esteban-echeverria","tag-jefatura-departamental-avellaneda-lanus-lomas","tag-privacion-ilegal-de-la-libertad"],"_links":{"self":[{"href":"https:\/\/www.elsindical.com.ar\/notas\/wp-json\/wp\/v2\/posts\/60084","targetHints":{"allow":["GET"]}}],"collection":[{"href":"https:\/\/www.elsindical.com.ar\/notas\/wp-json\/wp\/v2\/posts"}],"about":[{"href":"https:\/\/www.elsindical.com.ar\/notas\/wp-json\/wp\/v2\/types\/post"}],"author":[{"embeddable":true,"href":"https:\/\/www.elsindical.com.ar\/notas\/wp-json\/wp\/v2\/users\/1"}],"replies":[{"embeddable":true,"href":"https:\/\/www.elsindical.com.ar\/notas\/wp-json\/wp\/v2\/comments?post=60084"}],"version-history":[{"count":1,"href":"https:\/\/www.elsindical.com.ar\/notas\/wp-json\/wp\/v2\/posts\/60084\/revisions"}],"predecessor-version":[{"id":60085,"href":"https:\/\/www.elsindical.com.ar\/notas\/wp-json\/wp\/v2\/posts\/60084\/revisions\/60085"}],"wp:attachment":[{"href":"https:\/\/www.elsindical.com.ar\/notas\/wp-json\/wp\/v2\/media?parent=60084"}],"wp:term":[{"taxonomy":"category","embeddable":true,"href":"https:\/\/www.elsindical.com.ar\/notas\/wp-json\/wp\/v2\/categories?post=60084"},{"taxonomy":"post_tag","embeddable":true,"href":"https:\/\/www.elsindical.com.ar\/notas\/wp-json\/wp\/v2\/tags?post=60084"}],"curies":[{"name":"wp","href":"https:\/\/api.w.org\/{rel}","templated":true}]}}