{"id":60081,"date":"2016-06-13T20:06:36","date_gmt":"2016-06-13T23:06:36","guid":{"rendered":"http:\/\/www.elsindical.com.ar\/notas\/?p=60081"},"modified":"2016-06-13T20:06:36","modified_gmt":"2016-06-13T23:06:36","slug":"constitucion-este-es-el-hombre-que-aparecio-en-el-auto-acarreado","status":"publish","type":"post","link":"https:\/\/www.elsindical.com.ar\/notas\/constitucion-este-es-el-hombre-que-aparecio-en-el-auto-acarreado\/","title":{"rendered":"Constituci\u00f3n: Este es el hombre que apareci\u00f3 en el auto acarreado"},"content":{"rendered":"<p><em>\u00a0<a href=\"http:\/\/www.elsindical.com.ar\/notas\/var\/www\/html\/notas\/wp-content\/uploads\/2016\/06\/Luis-Oscar-Scarzela.jpg\"><img loading=\"lazy\" decoding=\"async\" class=\"alignnone size-medium wp-image-60082\" src=\"http:\/\/www.elsindical.com.ar\/notas\/var\/www\/html\/notas\/wp-content\/uploads\/2016\/06\/Luis-Oscar-Scarzela-300x169.jpg\" alt=\"Luis-Oscar-Scarzela\" width=\"300\" height=\"169\" srcset=\"https:\/\/www.elsindical.com.ar\/notas\/var\/www\/html\/notas\/wp-content\/uploads\/2016\/06\/Luis-Oscar-Scarzela-300x169.jpg 300w, https:\/\/www.elsindical.com.ar\/notas\/var\/www\/html\/notas\/wp-content\/uploads\/2016\/06\/Luis-Oscar-Scarzela-500x282.jpg 500w, https:\/\/www.elsindical.com.ar\/notas\/var\/www\/html\/notas\/wp-content\/uploads\/2016\/06\/Luis-Oscar-Scarzela.jpg 620w\" sizes=\"auto, (max-width: 300px) 100vw, 300px\" \/><\/a> Se trata de Luis Oscar Scarzela. Su cad\u00e1ver apareci\u00f3 dentro de un VW Gol negro. Estaba desaparecido desde el s\u00e1bado en la localidad bonaerense de Hurlingham.<\/em><\/p>\n<div id=\"txt_183707_6\" class=\"row\">Empleados del play\u00f3n de acarreo de Constituci\u00f3n del Gobierno de la Ciudad hallaron un cad\u00e1ver este lunes dentro de un Volkswagen Gol que pertenece a Luis Oscar Scarzela, desaparecido desde el s\u00e1bado en Hurlingham.<\/div>\n","protected":false},"excerpt":{"rendered":"<p>\u00a0 Se trata de Luis Oscar Scarzela. Su cad\u00e1ver apareci\u00f3 dentro de un VW Gol negro. Estaba desaparecido desde el s\u00e1bado en la localidad bonaerense de Hurlingham. Empleados del play\u00f3n de acarreo de Constituci\u00f3n del Gobierno de la Ciudad hallaron un cad\u00e1ver este lunes dentro de un Volkswagen Gol que pertenece a Luis Oscar Scarzela,&hellip;<\/p>\n","protected":false},"author":1,"featured_media":0,"comment_status":"open","ping_status":"open","sticky":false,"template":"","format":"standard","meta":{"footnotes":""},"categories":[22],"tags":[2409,324,1097,23774],"class_list":["post-60081","post","type-post","status-publish","format-standard","hentry","category-policiales","tag-cadaver","tag-constitucion","tag-hurlingham","tag-luis-oscar-scarzela"],"_links":{"self":[{"href":"https:\/\/www.elsindical.com.ar\/notas\/wp-json\/wp\/v2\/posts\/60081","targetHints":{"allow":["GET"]}}],"collection":[{"href":"https:\/\/www.elsindical.com.ar\/notas\/wp-json\/wp\/v2\/posts"}],"about":[{"href":"https:\/\/www.elsindical.com.ar\/notas\/wp-json\/wp\/v2\/types\/post"}],"author":[{"embeddable":true,"href":"https:\/\/www.elsindical.com.ar\/notas\/wp-json\/wp\/v2\/users\/1"}],"replies":[{"embeddable":true,"href":"https:\/\/www.elsindical.com.ar\/notas\/wp-json\/wp\/v2\/comments?post=60081"}],"version-history":[{"count":1,"href":"https:\/\/www.elsindical.com.ar\/notas\/wp-json\/wp\/v2\/posts\/60081\/revisions"}],"predecessor-version":[{"id":60083,"href":"https:\/\/www.elsindical.com.ar\/notas\/wp-json\/wp\/v2\/posts\/60081\/revisions\/60083"}],"wp:attachment":[{"href":"https:\/\/www.elsindical.com.ar\/notas\/wp-json\/wp\/v2\/media?parent=60081"}],"wp:term":[{"taxonomy":"category","embeddable":true,"href":"https:\/\/www.elsindical.com.ar\/notas\/wp-json\/wp\/v2\/categories?post=60081"},{"taxonomy":"post_tag","embeddable":true,"href":"https:\/\/www.elsindical.com.ar\/notas\/wp-json\/wp\/v2\/tags?post=60081"}],"curies":[{"name":"wp","href":"https:\/\/api.w.org\/{rel}","templated":true}]}}