{"id":60034,"date":"2016-06-10T12:35:13","date_gmt":"2016-06-10T15:35:13","guid":{"rendered":"http:\/\/www.elsindical.com.ar\/notas\/?p=60034"},"modified":"2016-06-10T12:35:13","modified_gmt":"2016-06-10T15:35:13","slug":"procesan-a-ex-titular-del-pami-por-supuesta-defraudacion","status":"publish","type":"post","link":"https:\/\/www.elsindical.com.ar\/notas\/procesan-a-ex-titular-del-pami-por-supuesta-defraudacion\/","title":{"rendered":"Procesan a ex titular del PAMI por supuesta defraudaci\u00f3n"},"content":{"rendered":"<p><em>\u00a0<a href=\"http:\/\/www.elsindical.com.ar\/notas\/var\/www\/html\/notas\/wp-content\/uploads\/2016\/06\/Luciano-Di-C\u00e9sare.jpg\"><img loading=\"lazy\" decoding=\"async\" class=\"alignnone size-medium wp-image-60035\" src=\"http:\/\/www.elsindical.com.ar\/notas\/var\/www\/html\/notas\/wp-content\/uploads\/2016\/06\/Luciano-Di-C\u00e9sare-300x169.jpg\" alt=\"Luciano-Di-C\u00e9sare\" width=\"300\" height=\"169\" srcset=\"https:\/\/www.elsindical.com.ar\/notas\/var\/www\/html\/notas\/wp-content\/uploads\/2016\/06\/Luciano-Di-C\u00e9sare-300x169.jpg 300w, https:\/\/www.elsindical.com.ar\/notas\/var\/www\/html\/notas\/wp-content\/uploads\/2016\/06\/Luciano-Di-C\u00e9sare-500x282.jpg 500w, https:\/\/www.elsindical.com.ar\/notas\/var\/www\/html\/notas\/wp-content\/uploads\/2016\/06\/Luciano-Di-C\u00e9sare.jpg 620w\" sizes=\"auto, (max-width: 300px) 100vw, 300px\" \/><\/a> El juez federal Ariel Lijo atribuy\u00f3 a<strong> Luciano Di C\u00e9sare<\/strong> un delito de \u00abdefraudaci\u00f3n al Estado\u00bb por m\u00e1s de un mill\u00f3n de pesos. En la causa se lo investiga por haber liquidado vacaciones no gozadas.\u00a0\u00a0\u00a0\u00a0<\/em><\/p>\n<p>El juez federal Ariel Lijo proces\u00f3 al ex titular del PAMI, Luciano Di Cesare, a quien le atribuy\u00f3 el delito de \u00abdefraudaci\u00f3n al Estado\u00bb por mas de un mill\u00f3n de pesos, en el marco de una causa en la que se lo investiga por haberse liquidado vacaciones no gozadas cuando, seg\u00fan el magistrado, no ten\u00eda derecho a su percepci\u00f3n. El ex titular del PAMI Luciano Di Cesare fue procesado por el juez federal Ariel Lijo quien determin\u00f3 que el ex funcionario defraud\u00f3 al Estado nacional por m\u00e1s de un mill\u00f3n de pesos al hacerse liquidar vacaciones no gozadas en el organismo sin tener derecho a su percepci\u00f3n.<\/p>\n<p>El magistrado dispuso tambi\u00e9n un embargo sobre los bienes de Di Cesare por 2 millones de pesos y proces\u00f3 a los dos ex funcionarios que intervinieron en la liquidaci\u00f3n de sus vacaciones no gozadas desde 2004 hasta 2012, a quienes embarg\u00f3 por la misma cantidad de dinero.<\/p>\n<p>El delito que le atribuy\u00f3 Lijo a Di Cesare al dictar su procesamiento por el cobro de $1.300.826,77 pesos fue el de \u201cadministraci\u00f3n fraudulenta\u201d en perjuicio de la administraci\u00f3n p\u00fablica.<\/p>\n<p>\u201cDi Cesare, en su calidad de Director Ejecutivo, solicit\u00f3 el pago por las vacaciones no usufructuadas. \u00c9l fue quien con el fin de dar con su objetivo, y procurando un lucro indebido, design\u00f3 intencionalmente a la Gerente de Recursos Humanos, Mar\u00eda Alejandrina Arrouzet, para que extendiera un dictamen que avalara su solicitud\u201d, sostuvo el juez en su fallo.<\/p>\n<p>A lo largo del texto, difundido en forma completa por el Centro de Informaci\u00f3n Judicial (CIJ), el magistrado tambi\u00e9n hizo referencia a las responsabilidades de Mar\u00eda Alejandra Arrouzet, gerenta de Recursos Humanos del PAMI, y Carlos Galdo, ex subgerente de Administraci\u00f3n de Recursos, quienes autorizaron el pago.<\/p>\n<p>El magistrado puntualiz\u00f3 que la liquidaci\u00f3n se efectiviz\u00f3 el mismo d\u00eda de la presentaci\u00f3n del tr\u00e1mite luego de que Arrouzet y Galdo emitieran los dict\u00e1menes necesarios para transferir el monto requerido a la cuenta bancaria de Di Cesare.<\/p>\n<p>La denuncia contra el ex titular del PAMI fue realizada por su sucesor en el cargo, Carlos Regazzoni, quien en el comienzo de su gesti\u00f3n encontr\u00f3 el recibo de la liquidaci\u00f3n de vacaciones no gozadas en favor de Di Cesare, tramite que se hab\u00eda iniciado y finalizado el 9 de diciembre, un d\u00eda antes de que dejara el cargo.<\/p>\n<p>El ex titular del PAMI tiene un procesamiento a cuestas por haber invertido 2.800 millones de pesos del PAMI en letras del Tesoro del Estado nacional; en esa causa intervino el juez federal Claudio Bonadio.<\/p>\n","protected":false},"excerpt":{"rendered":"<p>\u00a0 El juez federal Ariel Lijo atribuy\u00f3 a Luciano Di C\u00e9sare un delito de \u00abdefraudaci\u00f3n al Estado\u00bb por m\u00e1s de un mill\u00f3n de pesos. En la causa se lo investiga por haber liquidado vacaciones no gozadas.\u00a0\u00a0\u00a0\u00a0 El juez federal Ariel Lijo proces\u00f3 al ex titular del PAMI, Luciano Di Cesare, a quien le atribuy\u00f3 el&hellip;<\/p>\n","protected":false},"author":1,"featured_media":0,"comment_status":"open","ping_status":"open","sticky":false,"template":"","format":"standard","meta":{"footnotes":""},"categories":[20],"tags":[6273,22564,3582],"class_list":["post-60034","post","type-post","status-publish","format-standard","hentry","category-judiciales","tag-cij","tag-luciano-di-cesare","tag-pami"],"_links":{"self":[{"href":"https:\/\/www.elsindical.com.ar\/notas\/wp-json\/wp\/v2\/posts\/60034","targetHints":{"allow":["GET"]}}],"collection":[{"href":"https:\/\/www.elsindical.com.ar\/notas\/wp-json\/wp\/v2\/posts"}],"about":[{"href":"https:\/\/www.elsindical.com.ar\/notas\/wp-json\/wp\/v2\/types\/post"}],"author":[{"embeddable":true,"href":"https:\/\/www.elsindical.com.ar\/notas\/wp-json\/wp\/v2\/users\/1"}],"replies":[{"embeddable":true,"href":"https:\/\/www.elsindical.com.ar\/notas\/wp-json\/wp\/v2\/comments?post=60034"}],"version-history":[{"count":1,"href":"https:\/\/www.elsindical.com.ar\/notas\/wp-json\/wp\/v2\/posts\/60034\/revisions"}],"predecessor-version":[{"id":60036,"href":"https:\/\/www.elsindical.com.ar\/notas\/wp-json\/wp\/v2\/posts\/60034\/revisions\/60036"}],"wp:attachment":[{"href":"https:\/\/www.elsindical.com.ar\/notas\/wp-json\/wp\/v2\/media?parent=60034"}],"wp:term":[{"taxonomy":"category","embeddable":true,"href":"https:\/\/www.elsindical.com.ar\/notas\/wp-json\/wp\/v2\/categories?post=60034"},{"taxonomy":"post_tag","embeddable":true,"href":"https:\/\/www.elsindical.com.ar\/notas\/wp-json\/wp\/v2\/tags?post=60034"}],"curies":[{"name":"wp","href":"https:\/\/api.w.org\/{rel}","templated":true}]}}