{"id":60009,"date":"2016-06-08T21:35:45","date_gmt":"2016-06-09T00:35:45","guid":{"rendered":"http:\/\/www.elsindical.com.ar\/notas\/?p=60009"},"modified":"2016-06-08T21:35:45","modified_gmt":"2016-06-09T00:35:45","slug":"la-plata-lorences-juro-como-consejera-de-la-magistratura-bonaerense","status":"publish","type":"post","link":"https:\/\/www.elsindical.com.ar\/notas\/la-plata-lorences-juro-como-consejera-de-la-magistratura-bonaerense\/","title":{"rendered":"La Plata: Lorences jur\u00f3 como consejera de la Magistratura bonaerense"},"content":{"rendered":"<p><em><a href=\"http:\/\/www.elsindical.com.ar\/notas\/var\/www\/html\/notas\/wp-content\/uploads\/2016\/05\/Mar\u00eda-Victoria-Lorences.jpg\"><img loading=\"lazy\" decoding=\"async\" class=\"alignnone size-medium wp-image-59281\" src=\"http:\/\/www.elsindical.com.ar\/notas\/var\/www\/html\/notas\/wp-content\/uploads\/2016\/05\/Mar\u00eda-Victoria-Lorences-300x289.jpg\" alt=\"Mar\u00eda-Victoria-Lorences\" width=\"300\" height=\"289\" srcset=\"https:\/\/www.elsindical.com.ar\/notas\/var\/www\/html\/notas\/wp-content\/uploads\/2016\/05\/Mar\u00eda-Victoria-Lorences-300x289.jpg 300w, https:\/\/www.elsindical.com.ar\/notas\/var\/www\/html\/notas\/wp-content\/uploads\/2016\/05\/Mar\u00eda-Victoria-Lorences-312x300.jpg 312w, https:\/\/www.elsindical.com.ar\/notas\/var\/www\/html\/notas\/wp-content\/uploads\/2016\/05\/Mar\u00eda-Victoria-Lorences.jpg 620w\" sizes=\"auto, (max-width: 300px) 100vw, 300px\" \/><\/a>\u00a0 La presidente del Colegio de Abogados del Departamento Judicial de Lomas de Zamora (CALZ) asumi\u00f3 su cargo como consejera de la Magistratura de la provincia de Buenos Aires. La semana pasada fue elegida por unanimidad para representar en ese cuerpo a los letrados del Conurbano, durante el per\u00edodo 2016-2020.<\/em><\/p>\n<p>El Consejo est\u00e1 integrado por 17 miembros, de los cuales cuatro son representantes de los colegios de abogados, dos por el Conurbano y dos por el Interior bonaerense. Se principal funci\u00f3n es la selecci\u00f3n de los postulantes a ocupar el cargo de juez de la Provincia mediante la confecci\u00f3n de ternas con car\u00e1cter vinculante que son elevadas al Poder Ejecutivo. La integraci\u00f3n se completa con representantes de los poderes Ejecutivo y Legislativo y de los jueces de las distintas instancias.<\/p>\n<p>\u00abSignifica un gran honor asumir esta responsabilidad\u00bb, asegur\u00f3 Lorences, quien a su vez se comprometi\u00f3 a \u00abtrabajar para que los abogados de la Provincia est\u00e9n bien representados en el Consejo\u00bb.<\/p>\n<p>La presidenta del CALZ, reemplazar\u00e1 en el cargo al rector de la Universidad Nacional de Lomas de Zamora, Diego Molea, quien tambi\u00e9n la antecedi\u00f3 como titular de la entidad que re\u00fane a los matriculados del Departamento Judicial de Lomas de Zamora.<\/p>\n<p>La semana pasada, luego de que fuera elegida por unanimidad por los miembros del Colegio de Abogados de la Provincia de Buenos Aires (COLPROBA), Lorences afirm\u00f3: \u00abTomo este nuevo desaf\u00edo con la firme convicci\u00f3n de llevar la voz de los letrados al Consejo y darle continuidad al camino iniciado por el ex presidente del CALZ, Diego Molea, que ha sabido posicionar a Lomas de Zamora en este \u00e1mbito de gran importancia para el funcionamiento de la Justicia\u00bb.<\/p>\n<p>Mientras que, respecto a su tarea en el cuerpo sostuvo: \u00abla actualidad que nos toca vivir a los bonaerenses requiere de un Consejo de la Magistratura que seleccione un perfil de magistrado que no s\u00f3lo re\u00fana los conocimientos jur\u00eddicos para el cargo, sino que tenga un fuerte compromiso con la realidad social\u00bb, y complet\u00f3: \u00abDebemos lograr una Justicia m\u00e1s cercana a la gente\u00bb.<\/p>\n<p>Lorences es abogada egresada, con \u00abDiploma de Honor\u00bb de la Facultad de Derecho de Universidad de Buenos Aires. Adem\u00e1s, realiz\u00f3 Master in Business Administration (MBA) con orientaci\u00f3n en Marketing. Merrick School of Business. Baltimore University. University System of Maryland.<\/p>\n<p>Adem\u00e1s de su reciente designaci\u00f3n como consejera de la Magistratura y su elecci\u00f3n como presidente del CALZ, es Secretaria General de la Universidad Nacional de Lomas de Zamora. Como docente, es titular de la C\u00e1tedra Instituciones del Derecho Administrativo Facultad de Derecho de la UNLZ.<\/p>\n","protected":false},"excerpt":{"rendered":"<p>\u00a0 La presidente del Colegio de Abogados del Departamento Judicial de Lomas de Zamora (CALZ) asumi\u00f3 su cargo como consejera de la Magistratura de la provincia de Buenos Aires. La semana pasada fue elegida por unanimidad para representar en ese cuerpo a los letrados del Conurbano, durante el per\u00edodo 2016-2020. El Consejo est\u00e1 integrado por&hellip;<\/p>\n","protected":false},"author":1,"featured_media":0,"comment_status":"open","ping_status":"open","sticky":false,"template":"","format":"standard","meta":{"footnotes":""},"categories":[20],"tags":[4141,15825,776,9413,23757],"class_list":["post-60009","post","type-post","status-publish","format-standard","hentry","category-judiciales","tag-calz","tag-colproba","tag-consejo-de-la-magistratura","tag-jura","tag-mba"],"_links":{"self":[{"href":"https:\/\/www.elsindical.com.ar\/notas\/wp-json\/wp\/v2\/posts\/60009","targetHints":{"allow":["GET"]}}],"collection":[{"href":"https:\/\/www.elsindical.com.ar\/notas\/wp-json\/wp\/v2\/posts"}],"about":[{"href":"https:\/\/www.elsindical.com.ar\/notas\/wp-json\/wp\/v2\/types\/post"}],"author":[{"embeddable":true,"href":"https:\/\/www.elsindical.com.ar\/notas\/wp-json\/wp\/v2\/users\/1"}],"replies":[{"embeddable":true,"href":"https:\/\/www.elsindical.com.ar\/notas\/wp-json\/wp\/v2\/comments?post=60009"}],"version-history":[{"count":1,"href":"https:\/\/www.elsindical.com.ar\/notas\/wp-json\/wp\/v2\/posts\/60009\/revisions"}],"predecessor-version":[{"id":60010,"href":"https:\/\/www.elsindical.com.ar\/notas\/wp-json\/wp\/v2\/posts\/60009\/revisions\/60010"}],"wp:attachment":[{"href":"https:\/\/www.elsindical.com.ar\/notas\/wp-json\/wp\/v2\/media?parent=60009"}],"wp:term":[{"taxonomy":"category","embeddable":true,"href":"https:\/\/www.elsindical.com.ar\/notas\/wp-json\/wp\/v2\/categories?post=60009"},{"taxonomy":"post_tag","embeddable":true,"href":"https:\/\/www.elsindical.com.ar\/notas\/wp-json\/wp\/v2\/tags?post=60009"}],"curies":[{"name":"wp","href":"https:\/\/api.w.org\/{rel}","templated":true}]}}