{"id":59989,"date":"2016-06-08T20:06:34","date_gmt":"2016-06-08T23:06:34","guid":{"rendered":"http:\/\/www.elsindical.com.ar\/notas\/?p=59989"},"modified":"2016-06-08T20:06:34","modified_gmt":"2016-06-08T23:06:34","slug":"vidal-revisara-decreto-que-preve-prision-por-revelar-datos-de-patrimonios-de-funcionarios","status":"publish","type":"post","link":"https:\/\/www.elsindical.com.ar\/notas\/vidal-revisara-decreto-que-preve-prision-por-revelar-datos-de-patrimonios-de-funcionarios\/","title":{"rendered":"Vidal revisar\u00e1 decreto que prev\u00e9 prisi\u00f3n por revelar datos de patrimonios de funcionarios"},"content":{"rendered":"<p><em><a href=\"http:\/\/www.elsindical.com.ar\/notas\/var\/www\/html\/notas\/wp-content\/uploads\/2015\/12\/Vidal-conferencia.jpg\"><img loading=\"lazy\" decoding=\"async\" class=\"alignnone size-medium wp-image-56026\" src=\"http:\/\/www.elsindical.com.ar\/notas\/var\/www\/html\/notas\/wp-content\/uploads\/2015\/12\/Vidal-conferencia-300x169.jpg\" alt=\"Vidal-conferencia\" width=\"300\" height=\"169\" srcset=\"https:\/\/www.elsindical.com.ar\/notas\/var\/www\/html\/notas\/wp-content\/uploads\/2015\/12\/Vidal-conferencia-300x169.jpg 300w, https:\/\/www.elsindical.com.ar\/notas\/var\/www\/html\/notas\/wp-content\/uploads\/2015\/12\/Vidal-conferencia-500x281.jpg 500w, https:\/\/www.elsindical.com.ar\/notas\/var\/www\/html\/notas\/wp-content\/uploads\/2015\/12\/Vidal-conferencia.jpg 620w\" sizes=\"auto, (max-width: 300px) 100vw, 300px\" \/><\/a>\u00a0 Las declaraciones juradas integrales, o sea la informaci\u00f3n extendida y detallada de los bienes de funcionarios, tendr\u00e1n \u201ccar\u00e1cter reservado\u201d.\u00a0\u00a0\u00a0\u00a0\u00a0\u00a0\u00a0\u00a0\u00a0\u00a0\u00a0<\/em><\/p>\n<p>La gobernadora bonaerense, Mar\u00eda Eugenia Vidal, asegur\u00f3 hoy que \u00abser\u00e1 revisado\u00bb el decreto que establece penas de hasta cuatro a\u00f1os de prisi\u00f3n para \u00abfuncionarios, empleados y terceros\u00bb que revelen informaci\u00f3n sobre las Declaraciones Juradas Patrimoniales de integrantes del gabinete gubernamental y de las fuerzas de seguridad.<\/p>\n<p>Publicado hoy en el Bolet\u00edn Oficial provincial, la disposici\u00f3n modifica el decreto N\u00ba 116\/16, que regula la obligaci\u00f3n de funcionarios del Poder Ejecutivo, polic\u00edas e integrantes del Servicio Penitenciario, entre otros, a presentar su declaraci\u00f3n jurada patrimonial.<\/p>\n<p>\u00abLos funcionarios, empleados y terceros que de alg\u00fan modo vulneren el car\u00e1cter y\/o el contenido de estas declaraciones ser\u00e1n pasibles de las penas previstas por los art\u00edculos 157 y 157 bis del C\u00f3digo Penal\u00bb, se estableci\u00f3 en el texto, aunque Vidal reconoci\u00f3 que la disposici\u00f3n \u00abser\u00e1 revisada\u00bb si \u00abalguna cuesti\u00f3n t\u00e9cnica gener\u00f3 dudas\u00bb.<\/p>\n<p>La mandataria provincial, a trav\u00e9s de su cuenta de Twitter, asegur\u00f3 que el acceso a la informaci\u00f3n patrimonial de ella y su gabinete \u00abes p\u00fablico y para todos, en el marco de las leyes vigentes\u00bb, y record\u00f3 que en el mes de marzo resolvi\u00f3 \u00abque todos los funcionarios y los cargos jer\u00e1rquicos de las fuerzas de seguridad presentaran sus Declaraciones Juradas p\u00fablicamente\u00bb.<\/p>\n<p>Por su parte, el secretario de Legal y T\u00e9cnica provincial, Julio Conte Grand, explic\u00f3 que \u00abla gobernadora me ha dado la instrucci\u00f3n de elaborar un decreto para eliminar las referencias normativas, entre el d\u00eda de hoy y ma\u00f1ana ser\u00e1 resuelto, ser\u00e1 una an\u00e9cdota\u00bb.<\/p>\n<p>\u00abEl decreto tal como est\u00e1 ahora no genera riesgo alguno al ejercicio de la prensa\u00bb, dijo el funcionario y aclar\u00f3 que \u00abhay dos dimensiones sobre la informaci\u00f3n patrimonial, una sint\u00e9tica, o resumida, que detalla todos los bienes que integran el patrimonio, esa es de libre acceso, hay otra m\u00e1s exhaustiva, de car\u00e1cter de reservado por el secreto fiscal, con informaci\u00f3n confidencial sobre el lugar donde se encuentran los bienes, descripciones de cuentas, informaci\u00f3n financiera\u00bb.<\/p>\n<p>La publicaci\u00f3n del mencionado decreto se da en el marco de la pol\u00e9mica que gener\u00f3, a nivel nacional, la inclusi\u00f3n de un art\u00edculo en la ley enviada en el Congreso para el pago de los juicios a jubilados, que dispone penas de prisi\u00f3n y multas econ\u00f3micas contra quienes divulguen informaci\u00f3n sobre el proceso de blanqueo de capitales propuesto por el Ejecutivo.<\/p>\n<p>Puntualmente, por la incorporaci\u00f3n en la redacci\u00f3n del art\u00edculo de la palabra \u00abterceros\u00bb, que significar\u00eda un cercenamiento a la tarea del periodismo, aunque el propio presidente, Mauricio Macri, asegur\u00f3 que se revisar\u00e1 el texto de la norma.<\/p>\n<p>El art\u00edculo 157 del C\u00f3digo Penal establece que \u00abser\u00e1 reprimido con prisi\u00f3n de un (1) mes a dos (2) a\u00f1os e inhabilitaci\u00f3n especial de un (1) a cuatro (4) a\u00f1os, el funcionario p\u00fablico que revelare hechos, actuaciones, documentos o datos, que por ley deben ser secretos\u00bb.<\/p>\n","protected":false},"excerpt":{"rendered":"<p>\u00a0 Las declaraciones juradas integrales, o sea la informaci\u00f3n extendida y detallada de los bienes de funcionarios, tendr\u00e1n \u201ccar\u00e1cter reservado\u201d.\u00a0\u00a0\u00a0\u00a0\u00a0\u00a0\u00a0\u00a0\u00a0\u00a0\u00a0 La gobernadora bonaerense, Mar\u00eda Eugenia Vidal, asegur\u00f3 hoy que \u00abser\u00e1 revisado\u00bb el decreto que establece penas de hasta cuatro a\u00f1os de prisi\u00f3n para \u00abfuncionarios, empleados y terceros\u00bb que revelen informaci\u00f3n sobre las Declaraciones Juradas Patrimoniales&hellip;<\/p>\n","protected":false},"author":1,"featured_media":0,"comment_status":"open","ping_status":"open","sticky":false,"template":"","format":"standard","meta":{"footnotes":""},"categories":[13],"tags":[23751,201,9186,7265],"class_list":["post-59989","post","type-post","status-publish","format-standard","hentry","category-politica","tag-b-o","tag-declaraciones-juradas","tag-julio-conte-grand","tag-maria-eugenia-vidal"],"_links":{"self":[{"href":"https:\/\/www.elsindical.com.ar\/notas\/wp-json\/wp\/v2\/posts\/59989","targetHints":{"allow":["GET"]}}],"collection":[{"href":"https:\/\/www.elsindical.com.ar\/notas\/wp-json\/wp\/v2\/posts"}],"about":[{"href":"https:\/\/www.elsindical.com.ar\/notas\/wp-json\/wp\/v2\/types\/post"}],"author":[{"embeddable":true,"href":"https:\/\/www.elsindical.com.ar\/notas\/wp-json\/wp\/v2\/users\/1"}],"replies":[{"embeddable":true,"href":"https:\/\/www.elsindical.com.ar\/notas\/wp-json\/wp\/v2\/comments?post=59989"}],"version-history":[{"count":1,"href":"https:\/\/www.elsindical.com.ar\/notas\/wp-json\/wp\/v2\/posts\/59989\/revisions"}],"predecessor-version":[{"id":59990,"href":"https:\/\/www.elsindical.com.ar\/notas\/wp-json\/wp\/v2\/posts\/59989\/revisions\/59990"}],"wp:attachment":[{"href":"https:\/\/www.elsindical.com.ar\/notas\/wp-json\/wp\/v2\/media?parent=59989"}],"wp:term":[{"taxonomy":"category","embeddable":true,"href":"https:\/\/www.elsindical.com.ar\/notas\/wp-json\/wp\/v2\/categories?post=59989"},{"taxonomy":"post_tag","embeddable":true,"href":"https:\/\/www.elsindical.com.ar\/notas\/wp-json\/wp\/v2\/tags?post=59989"}],"curies":[{"name":"wp","href":"https:\/\/api.w.org\/{rel}","templated":true}]}}