{"id":59905,"date":"2016-06-04T20:14:06","date_gmt":"2016-06-04T23:14:06","guid":{"rendered":"http:\/\/www.elsindical.com.ar\/notas\/?p=59905"},"modified":"2016-06-04T20:14:06","modified_gmt":"2016-06-04T23:14:06","slug":"el-lapidario-descargo-de-baby-etchecopar-contra-macri-que-se-viraliza-en-las-redes","status":"publish","type":"post","link":"https:\/\/www.elsindical.com.ar\/notas\/el-lapidario-descargo-de-baby-etchecopar-contra-macri-que-se-viraliza-en-las-redes\/","title":{"rendered":"El lapidario descargo de Baby Etchecopar contra Macri que se viraliza en las redes"},"content":{"rendered":"<p class=\"preview\"><em><a href=\"http:\/\/www.elsindical.com.ar\/notas\/var\/www\/html\/notas\/wp-content\/uploads\/2016\/06\/Macri-y-Baby.jpg\"><img loading=\"lazy\" decoding=\"async\" class=\"alignnone size-medium wp-image-59906\" src=\"http:\/\/www.elsindical.com.ar\/notas\/var\/www\/html\/notas\/wp-content\/uploads\/2016\/06\/Macri-y-Baby-300x183.jpg\" alt=\"Macri-y-Baby\" width=\"300\" height=\"183\" srcset=\"https:\/\/www.elsindical.com.ar\/notas\/var\/www\/html\/notas\/wp-content\/uploads\/2016\/06\/Macri-y-Baby-300x183.jpg 300w, https:\/\/www.elsindical.com.ar\/notas\/var\/www\/html\/notas\/wp-content\/uploads\/2016\/06\/Macri-y-Baby-491x300.jpg 491w, https:\/\/www.elsindical.com.ar\/notas\/var\/www\/html\/notas\/wp-content\/uploads\/2016\/06\/Macri-y-Baby.jpg 620w\" sizes=\"auto, (max-width: 300px) 100vw, 300px\" \/><\/a>\u00a0 El periodista asegur\u00f3 que se \u00abhinch\u00f3 las pelotas\u00bb del Presidente, sali\u00f3 a defenestrarlo al aire y no se guard\u00f3 nada. Escuch\u00e1 el audio.<\/em><\/p>\n<p>El hist\u00f3rico conductor de Radio 10, Baby Etchecopar sali\u00f3 al cruce de Mauricio Macri pese a \u00abhaberlo votado\u00bb y asegur\u00f3 que tras sus primeros seis meses de gesti\u00f3n se \u00abhinch\u00f3 las pelotas\u00bb ya que \u00abCambiemos no cambi\u00f3 nada y demostr\u00f3 ser m\u00e1s de lo mismo\u00bb; al tiempo que asegur\u00f3 que la gente est\u00e1 \u00abpasando hambre mientras \u00e9l hace yoga\u00bb y transform\u00f3 su descargo en un audio que se viraliz\u00f3 a trav\u00e9s de Whatsapp y las redes sociales.<\/p>\n<p>En el crudo descargo, Etchecopar, que admite en el descargo haber votado por el hoy Presidente afirma que pese a \u00abno bancarse\u00bb al periodita de C5N Roberto Navarro \u00abtiene toda la raz\u00f3n\u00bb al referirse a la problem\u00e1tica del hamrbe en el pa\u00eds y a la mirada de los medios sobre L\u00e1zaro B\u00e1ez y no sobre estos temas de actualidad:<br \/>\nSe fue todo a la mierda y Macri sigue haciendo yoga y se hace el boludo. Seguimos persiguiendo a L\u00e1zaro B\u00e1ez y la gente se sigue muriendo de hambre\u00bb, expres\u00f3.<\/p>\n<p>\u00abLa gente est\u00e1 decepcionada, est\u00e1 como el culo. Dice que est\u00e1 mal, muy mal\u00bb, agreg\u00e7o, al tiempo que le pidi\u00f3 al m\u00e1ximo mandatario \u00abque salga a ver el hambre que hay en la calle\u00bb y le advirti\u00f3 que \u00abse le acabaron las garant\u00edas\u00bb.<\/p>\n<p>\u00abEstoy harto. Yo te vot\u00e9 Macri, pero ahora no te perdono ni un tiro libre. Me hincharon las pelotas\u00bb, remata un explosivo Etchecopar.<\/p>\n<p><iframe loading=\"lazy\" src=\"https:\/\/www.youtube.com\/embed\/V1aRbVoXTaE\" width=\"580\" height=\"420\" frameborder=\"0\" allowfullscreen=\"allowfullscreen\"><\/iframe><\/p>\n","protected":false},"excerpt":{"rendered":"<p>\u00a0 El periodista asegur\u00f3 que se \u00abhinch\u00f3 las pelotas\u00bb del Presidente, sali\u00f3 a defenestrarlo al aire y no se guard\u00f3 nada. Escuch\u00e1 el audio. El hist\u00f3rico conductor de Radio 10, Baby Etchecopar sali\u00f3 al cruce de Mauricio Macri pese a \u00abhaberlo votado\u00bb y asegur\u00f3 que tras sus primeros seis meses de gesti\u00f3n se \u00abhinch\u00f3 las&hellip;<\/p>\n","protected":false},"author":1,"featured_media":0,"comment_status":"open","ping_status":"open","sticky":false,"template":"","format":"standard","meta":{"footnotes":""},"categories":[13],"tags":[10626,15842,76,547,15239],"class_list":["post-59905","post","type-post","status-publish","format-standard","hentry","category-politica","tag-baby-etchecopar","tag-lazaro-baez","tag-mauricio-macri","tag-presidente","tag-roberto-navarro"],"_links":{"self":[{"href":"https:\/\/www.elsindical.com.ar\/notas\/wp-json\/wp\/v2\/posts\/59905","targetHints":{"allow":["GET"]}}],"collection":[{"href":"https:\/\/www.elsindical.com.ar\/notas\/wp-json\/wp\/v2\/posts"}],"about":[{"href":"https:\/\/www.elsindical.com.ar\/notas\/wp-json\/wp\/v2\/types\/post"}],"author":[{"embeddable":true,"href":"https:\/\/www.elsindical.com.ar\/notas\/wp-json\/wp\/v2\/users\/1"}],"replies":[{"embeddable":true,"href":"https:\/\/www.elsindical.com.ar\/notas\/wp-json\/wp\/v2\/comments?post=59905"}],"version-history":[{"count":1,"href":"https:\/\/www.elsindical.com.ar\/notas\/wp-json\/wp\/v2\/posts\/59905\/revisions"}],"predecessor-version":[{"id":59907,"href":"https:\/\/www.elsindical.com.ar\/notas\/wp-json\/wp\/v2\/posts\/59905\/revisions\/59907"}],"wp:attachment":[{"href":"https:\/\/www.elsindical.com.ar\/notas\/wp-json\/wp\/v2\/media?parent=59905"}],"wp:term":[{"taxonomy":"category","embeddable":true,"href":"https:\/\/www.elsindical.com.ar\/notas\/wp-json\/wp\/v2\/categories?post=59905"},{"taxonomy":"post_tag","embeddable":true,"href":"https:\/\/www.elsindical.com.ar\/notas\/wp-json\/wp\/v2\/tags?post=59905"}],"curies":[{"name":"wp","href":"https:\/\/api.w.org\/{rel}","templated":true}]}}