{"id":59877,"date":"2016-06-03T13:17:03","date_gmt":"2016-06-03T16:17:03","guid":{"rendered":"http:\/\/www.elsindical.com.ar\/notas\/?p=59877"},"modified":"2016-06-03T13:17:03","modified_gmt":"2016-06-03T16:17:03","slug":"caba-cuatro-estudiantes-intoxicados-con-bebida","status":"publish","type":"post","link":"https:\/\/www.elsindical.com.ar\/notas\/caba-cuatro-estudiantes-intoxicados-con-bebida\/","title":{"rendered":"CABA: Cuatro estudiantes intoxicados con bebida"},"content":{"rendered":"<p><em><a href=\"http:\/\/www.elsindical.com.ar\/notas\/var\/www\/html\/notas\/wp-content\/uploads\/2016\/06\/escuela-comercio-5.jpg\"><img loading=\"lazy\" decoding=\"async\" class=\"alignnone size-medium wp-image-59878\" src=\"http:\/\/www.elsindical.com.ar\/notas\/var\/www\/html\/notas\/wp-content\/uploads\/2016\/06\/escuela-comercio-5-300x158.jpg\" alt=\"escuela-comercio-5\" width=\"300\" height=\"158\" srcset=\"https:\/\/www.elsindical.com.ar\/notas\/var\/www\/html\/notas\/wp-content\/uploads\/2016\/06\/escuela-comercio-5-300x158.jpg 300w, https:\/\/www.elsindical.com.ar\/notas\/var\/www\/html\/notas\/wp-content\/uploads\/2016\/06\/escuela-comercio-5-500x263.jpg 500w, https:\/\/www.elsindical.com.ar\/notas\/var\/www\/html\/notas\/wp-content\/uploads\/2016\/06\/escuela-comercio-5.jpg 531w\" sizes=\"auto, (max-width: 300px) 100vw, 300px\" \/><\/a>\u00a0 El terrible episodio ocurri\u00f3 en una escuela del barrio porte\u00f1o de Balvanera. Un grupo de alumnos de entre 12 y 15 a\u00f1os tuvo que ser internado luego de ingerir una bebida mezclada con un\u00a0ansiol\u00edtico. Los menores est\u00e1n fuera\u00a0de peligro.<\/em><\/p>\n<p>Una gaseosa compartida entre varios pibes en una escuela termin\u00f3 con cuatro de ellos internados tras sufrir una intoxicaci\u00f3n. De acuerdo con sus propios testimonios, el alumno que les dio la botella ser\u00eda el responsable de haberle colocado y diluido una pastilla que caus\u00f3 problemas que pudieron haber sido de suma gravedad.<\/p>\n<p>El hecho ocurri\u00f3 en la Escuela de Comercio N\u00ba 5 de Balvanera, donde cuatro estudiantes del turno ma\u00f1ana sufrieron una intoxicaci\u00f3n con un ansiol\u00edtico, por lo que tuvieron que ser trasladados al Hospital Ramos Mej\u00eda.<\/p>\n<p><strong>Lorena<\/strong>, la madre de una de las v\u00edctimas, llamada<strong> Nara<\/strong>, de 15 a\u00f1os, cont\u00f3 que desde la escuela ubicada en Entre R\u00edos 757 la llamaron desesperados por la situaci\u00f3n de su hija.<\/p>\n<p>Al llegar, se encontr\u00f3 con la adolescente y tres chicos m\u00e1s, de entre 12 y 15 a\u00f1os, en la rector\u00eda.<\/p>\n<p><em>\u201cMi hija me cont\u00f3 que un nene abri\u00f3 la gaseosa, les convid\u00f3 un trago y despu\u00e9s empezaron a sentirse mal por lo que avisaron a la preceptora\u201d,<\/em> coment\u00f3, y agreg\u00f3:<em> \u201cLa rectora me dijo que hab\u00eda tomado una gaseosa a la que parece que le hab\u00edan puesto una pastilla adentro\u201d.<\/em><\/p>\n<p>De inmediato, una ambulancia del SAME traslad\u00f3 a los cuatro chicos hasta el Ramos Mej\u00eda, pero como <em>\u201ctardaban en atenderla<\/em>\u201d, los padres de Nara decidieron llevarla hasta la Cl\u00ednica Santa Isabel, de Flores.<\/p>\n<p><em>\u201cSupongo que se descompusieron todos los que bebieron esa gaseosa\u201d, <\/em>agreg\u00f3 la mujer, a la vez que destac\u00f3 la actitud de las autoridades de la escuela:<em> \u201cLa preceptora y la rectora se portaron muy bien, estuvieron todo el tiempo con ella\u201d. <\/em><\/p>\n<p>Por su parte, el padre de Nara expres\u00f3 que lo sucedido <em>\u201cpudo haber sido una tragedia, pero por suerte no lo fue\u201d,<\/em> a la vez que calific\u00f3 el hecho como<em> \u201cuna travesura de un chico que no estaba consciente de lo que hac\u00eda, si no, no lo hubiera hecho\u201d<\/em>.<\/p>\n<p><em><u><strong>Todo normal <\/strong><\/u><\/em><\/p>\n<p>Cuando la adolescente lleg\u00f3 al centro m\u00e9dico ubicado en Flores, los profesionales que la atendieron comenzaron a realizarle una serie de an\u00e1lisis y estudios para comprobar qu\u00e9 era lo que le pasaba y evitar que la situaci\u00f3n se pusiera peor.<\/p>\n<p>Sin embargo, seg\u00fan confirmaron autoridades de la cl\u00ednica, se le realizaron <em>\u201can\u00e1lisis y estudios y todos fueron normales\u201d. <\/em><\/p>\n<p><em>\u201cEl caso no revisti\u00f3 gravedad\u201d,<\/em> agregaron, por lo que despu\u00e9s de estar 24 horas en observaci\u00f3n la joven \u201c<em>se retir\u00f3 en perfecto estado\u201d.<\/em><\/p>\n","protected":false},"excerpt":{"rendered":"<p>\u00a0 El terrible episodio ocurri\u00f3 en una escuela del barrio porte\u00f1o de Balvanera. Un grupo de alumnos de entre 12 y 15 a\u00f1os tuvo que ser internado luego de ingerir una bebida mezclada con un\u00a0ansiol\u00edtico. Los menores est\u00e1n fuera\u00a0de peligro. Una gaseosa compartida entre varios pibes en una escuela termin\u00f3 con cuatro de ellos internados&hellip;<\/p>\n","protected":false},"author":1,"featured_media":0,"comment_status":"open","ping_status":"open","sticky":false,"template":"","format":"standard","meta":{"footnotes":""},"categories":[25],"tags":[3487,9460,16392,2499],"class_list":["post-59877","post","type-post","status-publish","format-standard","hentry","category-sociedad","tag-balvanera","tag-gaseosa","tag-intoxicados","tag-same"],"_links":{"self":[{"href":"https:\/\/www.elsindical.com.ar\/notas\/wp-json\/wp\/v2\/posts\/59877","targetHints":{"allow":["GET"]}}],"collection":[{"href":"https:\/\/www.elsindical.com.ar\/notas\/wp-json\/wp\/v2\/posts"}],"about":[{"href":"https:\/\/www.elsindical.com.ar\/notas\/wp-json\/wp\/v2\/types\/post"}],"author":[{"embeddable":true,"href":"https:\/\/www.elsindical.com.ar\/notas\/wp-json\/wp\/v2\/users\/1"}],"replies":[{"embeddable":true,"href":"https:\/\/www.elsindical.com.ar\/notas\/wp-json\/wp\/v2\/comments?post=59877"}],"version-history":[{"count":1,"href":"https:\/\/www.elsindical.com.ar\/notas\/wp-json\/wp\/v2\/posts\/59877\/revisions"}],"predecessor-version":[{"id":59879,"href":"https:\/\/www.elsindical.com.ar\/notas\/wp-json\/wp\/v2\/posts\/59877\/revisions\/59879"}],"wp:attachment":[{"href":"https:\/\/www.elsindical.com.ar\/notas\/wp-json\/wp\/v2\/media?parent=59877"}],"wp:term":[{"taxonomy":"category","embeddable":true,"href":"https:\/\/www.elsindical.com.ar\/notas\/wp-json\/wp\/v2\/categories?post=59877"},{"taxonomy":"post_tag","embeddable":true,"href":"https:\/\/www.elsindical.com.ar\/notas\/wp-json\/wp\/v2\/tags?post=59877"}],"curies":[{"name":"wp","href":"https:\/\/api.w.org\/{rel}","templated":true}]}}