{"id":59851,"date":"2016-06-02T10:27:22","date_gmt":"2016-06-02T13:27:22","guid":{"rendered":"http:\/\/www.elsindical.com.ar\/notas\/?p=59851"},"modified":"2016-06-02T10:27:22","modified_gmt":"2016-06-02T13:27:22","slug":"camioneros-reclama-un-42-de-aumento-salarial-en-paritarias","status":"publish","type":"post","link":"https:\/\/www.elsindical.com.ar\/notas\/camioneros-reclama-un-42-de-aumento-salarial-en-paritarias\/","title":{"rendered":"Camioneros reclama un 42% de aumento salarial en paritarias"},"content":{"rendered":"<p class=\"copete\"><em><a href=\"http:\/\/www.elsindical.com.ar\/notas\/var\/www\/html\/notas\/wp-content\/uploads\/2010\/06\/Pablo-Moyano.jpg\"><img loading=\"lazy\" decoding=\"async\" class=\"alignnone size-full wp-image-6979\" src=\"http:\/\/www.elsindical.com.ar\/notas\/var\/www\/html\/notas\/wp-content\/uploads\/2010\/06\/Pablo-Moyano.jpg\" alt=\"Pablo-Moyano\" width=\"255\" height=\"149\" \/><\/a>\u00a0 As\u00ed lo asegur\u00f3 el secretario adjunto del gremio, Pablo Moyano, quien inst\u00f3 a los empresarios a presentar \u00abuna propuesta concreta, si no tomaremos medidas de fuerza\u00bb.<\/em><\/p>\n<p>En el inicio de la negociaci\u00f3n sectorial, el secretario adjunto del sindicato de Camioneros, <strong>Pablo Moyano<\/strong>, adelant\u00f3 que les pedir\u00e1 a las c\u00e1maras empresarias del transporte \u201cun incremento salarial del 42 por ciento\u201d ya que \u201cla inflaci\u00f3n se comi\u00f3 el aumento del a\u00f1o pasado\u201d .<\/p>\n<p>El gremio que lidera <strong>Hugo Moyano <\/strong>comenz\u00f3 esta semana la discusi\u00f3n paritaria con empresarios, en el ministerio de Trabajo de la Naci\u00f3n.\u00a0\u201cEsperamos que los empresarios vengan con una propuesta concreta, si no tomaremos medidas de fuerza\u201d, se\u00f1al\u00f3 el adjunto de la entidad sindical.<\/p>\n<p>Por otor lado, el dirigente del gremio de Camioneros ratific\u00f3 que la CGT efectuar\u00e1 una jornada de protesta que incluir\u00e1 la instalaci\u00f3n de \u201c<strong>ollas populares en todas las plazas del pa\u00eds<\/strong>\u201d, pero no brindo precisiones en cuanto a fechas.<\/p>\n<p>\u201cDesde las centrales obreras vamos a llevar a cabo una jornada de protesta con ollas populares en todas las plazas del pa\u00eds para pedirle al presidente (Mauricio) Macri que haga algo con la inflaci\u00f3n y la inseguridad. Se tiene que dejar de meter en la AFA y ocuparse de los trabajadores\u201d, apunt\u00f3.<\/p>\n<p>Moyano confirm\u00f3 que el pr\u00f3ximo mes de agosto habr\u00e1 un <strong>Congreso Confederal de gremios<\/strong> en el que se tratar\u00e1 la reunificaci\u00f3n de la CGT, y se\u00f1al\u00f3 que la nueva conducci\u00f3n puede surgir de \u201cun triunvirato\u201d.<\/p>\n<p>\u201cEl 22 de agosto se re\u00fane el confederal para tratar la reunificaci\u00f3n del movimiento obrero. <strong>Se puede elegir un nuevo secretario general o una conducci\u00f3n compuesta por un triunvirato<\/strong>. \u00bfSi puedo ser yo qui\u00e9n conduzca a la CGT ? Estamos trabajando\u201d, puntualiz\u00f3.<\/p>\n","protected":false},"excerpt":{"rendered":"<p>\u00a0 As\u00ed lo asegur\u00f3 el secretario adjunto del gremio, Pablo Moyano, quien inst\u00f3 a los empresarios a presentar \u00abuna propuesta concreta, si no tomaremos medidas de fuerza\u00bb. En el inicio de la negociaci\u00f3n sectorial, el secretario adjunto del sindicato de Camioneros, Pablo Moyano, adelant\u00f3 que les pedir\u00e1 a las c\u00e1maras empresarias del transporte \u201cun incremento&hellip;<\/p>\n","protected":false},"author":1,"featured_media":0,"comment_status":"open","ping_status":"open","sticky":false,"template":"","format":"standard","meta":{"footnotes":""},"categories":[16],"tags":[1298,910,77,23711,632],"class_list":["post-59851","post","type-post","status-publish","format-standard","hentry","category-gremiales","tag-camioneros","tag-cgt","tag-hugo-moyano","tag-incremento-salarial","tag-pablo-moyano"],"_links":{"self":[{"href":"https:\/\/www.elsindical.com.ar\/notas\/wp-json\/wp\/v2\/posts\/59851","targetHints":{"allow":["GET"]}}],"collection":[{"href":"https:\/\/www.elsindical.com.ar\/notas\/wp-json\/wp\/v2\/posts"}],"about":[{"href":"https:\/\/www.elsindical.com.ar\/notas\/wp-json\/wp\/v2\/types\/post"}],"author":[{"embeddable":true,"href":"https:\/\/www.elsindical.com.ar\/notas\/wp-json\/wp\/v2\/users\/1"}],"replies":[{"embeddable":true,"href":"https:\/\/www.elsindical.com.ar\/notas\/wp-json\/wp\/v2\/comments?post=59851"}],"version-history":[{"count":1,"href":"https:\/\/www.elsindical.com.ar\/notas\/wp-json\/wp\/v2\/posts\/59851\/revisions"}],"predecessor-version":[{"id":59852,"href":"https:\/\/www.elsindical.com.ar\/notas\/wp-json\/wp\/v2\/posts\/59851\/revisions\/59852"}],"wp:attachment":[{"href":"https:\/\/www.elsindical.com.ar\/notas\/wp-json\/wp\/v2\/media?parent=59851"}],"wp:term":[{"taxonomy":"category","embeddable":true,"href":"https:\/\/www.elsindical.com.ar\/notas\/wp-json\/wp\/v2\/categories?post=59851"},{"taxonomy":"post_tag","embeddable":true,"href":"https:\/\/www.elsindical.com.ar\/notas\/wp-json\/wp\/v2\/tags?post=59851"}],"curies":[{"name":"wp","href":"https:\/\/api.w.org\/{rel}","templated":true}]}}