{"id":59846,"date":"2016-06-02T09:16:46","date_gmt":"2016-06-02T12:16:46","guid":{"rendered":"http:\/\/www.elsindical.com.ar\/notas\/?p=59846"},"modified":"2016-06-02T09:16:46","modified_gmt":"2016-06-02T12:16:46","slug":"eeuu-maestra-de-24-anos-quedo-embarazada-de-su-alumno-de-13","status":"publish","type":"post","link":"https:\/\/www.elsindical.com.ar\/notas\/eeuu-maestra-de-24-anos-quedo-embarazada-de-su-alumno-de-13\/","title":{"rendered":"EEUU: Maestra de 24 a\u00f1os qued\u00f3 embarazada de su alumno de 13"},"content":{"rendered":"<p><em><a href=\"http:\/\/www.elsindical.com.ar\/notas\/var\/www\/html\/notas\/wp-content\/uploads\/2016\/06\/Alexandra-Vera.jpg\"><img loading=\"lazy\" decoding=\"async\" class=\"alignnone size-medium wp-image-59847\" src=\"http:\/\/www.elsindical.com.ar\/notas\/var\/www\/html\/notas\/wp-content\/uploads\/2016\/06\/Alexandra-Vera-300x169.jpg\" alt=\"Alexandra-Vera\" width=\"300\" height=\"169\" srcset=\"https:\/\/www.elsindical.com.ar\/notas\/var\/www\/html\/notas\/wp-content\/uploads\/2016\/06\/Alexandra-Vera-300x169.jpg 300w, https:\/\/www.elsindical.com.ar\/notas\/var\/www\/html\/notas\/wp-content\/uploads\/2016\/06\/Alexandra-Vera-500x282.jpg 500w, https:\/\/www.elsindical.com.ar\/notas\/var\/www\/html\/notas\/wp-content\/uploads\/2016\/06\/Alexandra-Vera.jpg 620w\" sizes=\"auto, (max-width: 300px) 100vw, 300px\" \/><\/a>Una profesora de Texas podr\u00eda ser condenada a pagar una larga condena en la c\u00e1rcel por haber quedado embarazada de su alumno de 13 a\u00f1os.<\/em><\/p>\n<p>Alexandra Vera confes\u00f3 durante el juicio que tuvo sexo pr\u00e1cticamente todos los d\u00edas con el menor, entre septiembre de 2015 y enero de 2016.<\/p>\n<p>La mujer, adem\u00e1s, dej\u00f3 en claro que la familia del alumno la consideraba su pareja y la trataban como tal, asegurando que ellos estaban \u00abalegres y colaboradores\u00bb tras enterarse de su embarazo.<\/p>\n<p>Sin embargo, el hecho no alegr\u00f3 a la justicia norteamericana, por lo que la profesora arriesga una condena de hasta 99 a\u00f1os de prisi\u00f3n por abuso sexual reiterado.<\/p>\n<p>Vera relat\u00f3 que la relaci\u00f3n con el menor comenz\u00f3 cuando \u00e9l le env\u00edo una solicitud de amistad en Instagram.<\/p>\n","protected":false},"excerpt":{"rendered":"<p>Una profesora de Texas podr\u00eda ser condenada a pagar una larga condena en la c\u00e1rcel por haber quedado embarazada de su alumno de 13 a\u00f1os. Alexandra Vera confes\u00f3 durante el juicio que tuvo sexo pr\u00e1cticamente todos los d\u00edas con el menor, entre septiembre de 2015 y enero de 2016. La mujer, adem\u00e1s, dej\u00f3 en claro&hellip;<\/p>\n","protected":false},"author":1,"featured_media":0,"comment_status":"open","ping_status":"open","sticky":false,"template":"","format":"standard","meta":{"footnotes":""},"categories":[18],"tags":[23710,222,380,147,241,3590],"class_list":["post-59846","post","type-post","status-publish","format-standard","hentry","category-internacionales","tag-alexandra-vera","tag-alumno","tag-carcel","tag-familia","tag-sexo","tag-texas"],"_links":{"self":[{"href":"https:\/\/www.elsindical.com.ar\/notas\/wp-json\/wp\/v2\/posts\/59846","targetHints":{"allow":["GET"]}}],"collection":[{"href":"https:\/\/www.elsindical.com.ar\/notas\/wp-json\/wp\/v2\/posts"}],"about":[{"href":"https:\/\/www.elsindical.com.ar\/notas\/wp-json\/wp\/v2\/types\/post"}],"author":[{"embeddable":true,"href":"https:\/\/www.elsindical.com.ar\/notas\/wp-json\/wp\/v2\/users\/1"}],"replies":[{"embeddable":true,"href":"https:\/\/www.elsindical.com.ar\/notas\/wp-json\/wp\/v2\/comments?post=59846"}],"version-history":[{"count":1,"href":"https:\/\/www.elsindical.com.ar\/notas\/wp-json\/wp\/v2\/posts\/59846\/revisions"}],"predecessor-version":[{"id":59848,"href":"https:\/\/www.elsindical.com.ar\/notas\/wp-json\/wp\/v2\/posts\/59846\/revisions\/59848"}],"wp:attachment":[{"href":"https:\/\/www.elsindical.com.ar\/notas\/wp-json\/wp\/v2\/media?parent=59846"}],"wp:term":[{"taxonomy":"category","embeddable":true,"href":"https:\/\/www.elsindical.com.ar\/notas\/wp-json\/wp\/v2\/categories?post=59846"},{"taxonomy":"post_tag","embeddable":true,"href":"https:\/\/www.elsindical.com.ar\/notas\/wp-json\/wp\/v2\/tags?post=59846"}],"curies":[{"name":"wp","href":"https:\/\/api.w.org\/{rel}","templated":true}]}}