{"id":5977,"date":"2010-04-29T00:41:30","date_gmt":"2010-04-29T03:41:30","guid":{"rendered":"http:\/\/www.elsindical.com.ar\/notas\/?p=5977"},"modified":"2010-04-29T00:41:30","modified_gmt":"2010-04-29T03:41:30","slug":"san-isidro-la-justicia-investigara-si-uno-de-los-asesinos-del-ingeniero-regis-pago-10-mil-para-ser-liberado","status":"publish","type":"post","link":"https:\/\/www.elsindical.com.ar\/notas\/san-isidro-la-justicia-investigara-si-uno-de-los-asesinos-del-ingeniero-regis-pago-10-mil-para-ser-liberado\/","title":{"rendered":"San Isidro: La Justicia investigar\u00e1 si uno de los asesinos del ingeniero Regis pag\u00f3 $10 mil para ser liberado"},"content":{"rendered":"<p style=\"text-align: justify;\"><em><a href=\"http:\/\/www.elsindical.com.ar\/notas\/var\/www\/html\/notas\/wp-content\/uploads\/2010\/04\/familia-de-Regis.jpg\"><img loading=\"lazy\" decoding=\"async\" class=\"alignleft size-full wp-image-5978\" title=\"familia-de-Regis\" src=\"http:\/\/www.elsindical.com.ar\/notas\/var\/www\/html\/notas\/wp-content\/uploads\/2010\/04\/familia-de-Regis.jpg\" alt=\"\" width=\"198\" height=\"149\" \/><\/a>El Tribunal Oral en lo Criminal 2 de San Isidro, que hoy conden\u00f3 a perpetua a dos delincuentes por el crimen del ingeniero, orden\u00f3 que se inicie una pesquisa para determinar si un imputado que <strong>fue excarcelado por el juez Sal Lari<\/strong>,<strong> pag\u00f3 $10 mil.<\/strong><\/em><\/p>\n<p id=\"cuerpoNota\" style=\"text-align: justify;\">Se trata del condenado Sebasti\u00e1n Ernesto Bord\u00f3n, quien en la \u00faltima jornada del juicio asegur\u00f3 que cuando en marzo de 2008 se entreg\u00f3 a la Justicia por una causa por portaci\u00f3n de armas, <strong>su abogado le pidi\u00f3 10.000 pesos para lograr la excarcelaci\u00f3n que finalmente le otorg\u00f3 el magistrado Sal Lari.<\/p>\n<p><\/strong>Bord\u00f3n junto con Julio Omar L\u00f3pez fueron sentenciados a cadena perpetua como coautores de homicidio calificado criminis causa, es decir, matar para ocultar otro delito y lograr la impunidad.<\/p>\n<p>Tambi\u00e9n fueron condenados por la tentativa de homicidio calificado de Carla Regis -la hija del ingeniero que sufri\u00f3 dos roces de bala en el mismo hecho- y por los delitos de robo calificado y tenencia de armas de guerra.<\/p>\n<p><strong>El caso tuvo mucha repercusi\u00f3n no s\u00f3lo por el homicidio, sino porque luego se determin\u00f3 que ambos imputados deb\u00edan estar presos al momento del crimen por una causa de portaci\u00f3n de armas ocurrida el 25 de enero de 2008 en jurisdicci\u00f3n de la comisar\u00eda 10ma. de Mart\u00ednez.<\/strong><\/p>\n<p>Los dos fueron sorprendidos merodeando en un auto donde se secuestraron dos pistolas con mira l\u00e1ser y balas de punta hueca. L\u00f3pez fue excarcelado en ese momento por el juez de Garant\u00edas de San Isidro Esteban Rossignoli, pero Bord\u00f3n logr\u00f3 escapar de la polic\u00eda y reci\u00e9n se entreg\u00f3 en marzo de 2008.<\/p>\n<p>Cinco d\u00edas m\u00e1s tarde, <strong>fue excarcelado por el juez Sal Lari, pese a que estuvo dos meses pr\u00f3fugo y a sus antecedentes -estaba con libertad condicional por una condena por robo calificado-. <\/strong><\/p>\n<p>En relaci\u00f3n a este punto, el TOC 2 de San Isidro orden\u00f3 hoy la formaci\u00f3n de una nueva causa para que se investigue si Bord\u00f3n pag\u00f3 10.000 pesos por esa excarcelaci\u00f3n.<\/p>\n<p>Es que el \u00faltimo d\u00eda del juicio, <strong>Bord\u00f3n pidi\u00f3 declarar y asegur\u00f3 que cuando \u00e9l se entreg\u00f3 a la Justicia en marzo de 2008, su abogado le dijo que consiguiera 10.000 pesos para pagarle \u00aba los fiscales\u00bb y que as\u00ed lograr\u00eda la excarcelaci\u00f3n.<br \/>\n<\/strong><br \/>\nSi bien Bord\u00f3n coment\u00f3 que el supuesto pago era para los fiscales de esa causa -Jorge Ariel Apolo y Diego Grau-, fuentes judiciales explicaron a T\u00e9lam que el \u00fanico que ten\u00eda potestad para otorgar una excarcelaci\u00f3n era el juez de Garant\u00edas, que era Sal Lari.\u00a0<\/p>\n<p style=\"text-align: justify;\">\u00a0<\/p>\n<p style=\"text-align: justify;\">Fuente: T\u00e9lam<\/p>\n","protected":false},"excerpt":{"rendered":"<p>El Tribunal Oral en lo Criminal 2 de San Isidro, que hoy conden\u00f3 a perpetua a dos delincuentes por el crimen del ingeniero, orden\u00f3 que se inicie una pesquisa para determinar si un imputado que fue excarcelado por el juez Sal Lari, pag\u00f3 $10 mil. Se trata del condenado Sebasti\u00e1n Ernesto Bord\u00f3n, quien en la&hellip;<\/p>\n","protected":false},"author":1,"featured_media":0,"comment_status":"open","ping_status":"open","sticky":false,"template":"","format":"standard","meta":{"footnotes":""},"categories":[20],"tags":[3156,3154,3157,3155,3152,516,41,3153,40,3158],"class_list":["post-5977","post","type-post","status-publish","format-standard","hentry","category-judiciales","tag-ariel-apolo","tag-carla-regis","tag-diego-grau","tag-esteban-rossignoli","tag-juez-sal-lari","tag-juicio-oral","tag-justicia","tag-regis","tag-san-isidro","tag-sebastian-ernesto-bordon"],"_links":{"self":[{"href":"https:\/\/www.elsindical.com.ar\/notas\/wp-json\/wp\/v2\/posts\/5977","targetHints":{"allow":["GET"]}}],"collection":[{"href":"https:\/\/www.elsindical.com.ar\/notas\/wp-json\/wp\/v2\/posts"}],"about":[{"href":"https:\/\/www.elsindical.com.ar\/notas\/wp-json\/wp\/v2\/types\/post"}],"author":[{"embeddable":true,"href":"https:\/\/www.elsindical.com.ar\/notas\/wp-json\/wp\/v2\/users\/1"}],"replies":[{"embeddable":true,"href":"https:\/\/www.elsindical.com.ar\/notas\/wp-json\/wp\/v2\/comments?post=5977"}],"version-history":[{"count":1,"href":"https:\/\/www.elsindical.com.ar\/notas\/wp-json\/wp\/v2\/posts\/5977\/revisions"}],"predecessor-version":[{"id":5979,"href":"https:\/\/www.elsindical.com.ar\/notas\/wp-json\/wp\/v2\/posts\/5977\/revisions\/5979"}],"wp:attachment":[{"href":"https:\/\/www.elsindical.com.ar\/notas\/wp-json\/wp\/v2\/media?parent=5977"}],"wp:term":[{"taxonomy":"category","embeddable":true,"href":"https:\/\/www.elsindical.com.ar\/notas\/wp-json\/wp\/v2\/categories?post=5977"},{"taxonomy":"post_tag","embeddable":true,"href":"https:\/\/www.elsindical.com.ar\/notas\/wp-json\/wp\/v2\/tags?post=5977"}],"curies":[{"name":"wp","href":"https:\/\/api.w.org\/{rel}","templated":true}]}}