{"id":59734,"date":"2016-05-29T11:09:49","date_gmt":"2016-05-29T14:09:49","guid":{"rendered":"http:\/\/www.elsindical.com.ar\/notas\/?p=59734"},"modified":"2016-05-29T11:34:25","modified_gmt":"2016-05-29T14:34:25","slug":"bahia-blanca-hallan-el-cuerpo-de-micaela-un-joven-confeso-el-crimen","status":"publish","type":"post","link":"https:\/\/www.elsindical.com.ar\/notas\/bahia-blanca-hallan-el-cuerpo-de-micaela-un-joven-confeso-el-crimen\/","title":{"rendered":"Bah\u00eda Blanca: Hallan el cuerpo de Micaela, un joven confes\u00f3 el crimen"},"content":{"rendered":"<p><em><a href=\"http:\/\/www.elsindical.com.ar\/notas\/var\/www\/html\/notas\/wp-content\/uploads\/2016\/05\/Micaela-Aldana-Ortega.jpg\"><img loading=\"lazy\" decoding=\"async\" class=\"alignnone size-medium wp-image-59735\" src=\"http:\/\/www.elsindical.com.ar\/notas\/var\/www\/html\/notas\/wp-content\/uploads\/2016\/05\/Micaela-Aldana-Ortega-300x169.jpg\" alt=\"Micaela-Aldana-Ortega\" width=\"300\" height=\"169\" srcset=\"https:\/\/www.elsindical.com.ar\/notas\/var\/www\/html\/notas\/wp-content\/uploads\/2016\/05\/Micaela-Aldana-Ortega-300x169.jpg 300w, https:\/\/www.elsindical.com.ar\/notas\/var\/www\/html\/notas\/wp-content\/uploads\/2016\/05\/Micaela-Aldana-Ortega-500x282.jpg 500w, https:\/\/www.elsindical.com.ar\/notas\/var\/www\/html\/notas\/wp-content\/uploads\/2016\/05\/Micaela-Aldana-Ortega.jpg 620w\" sizes=\"auto, (max-width: 300px) 100vw, 300px\" \/><\/a>\u00a0Fue encontrada a un costado de la Ruta 3. La ni\u00f1a de 12 a\u00f1os hab\u00eda desaparecido hace m\u00e1s de un mes. Jonathan Luna, de 26 a\u00f1os, habr\u00eda confesado ser el autor material del asesinato.\u00a0\u00a0\u00a0\u00a0<\/em><\/p>\n<p>La adolescente Micaela Aldana Ortega fue encontrada sin vida esta madrugada en un descampado de la localidad de Ingeniero White despu\u00e9s de estar desaparecida un mes y la Polic\u00eda detuvo a un hombre sospechado de ser el autor material del crimen.<\/p>\n<p>La chica, de 12 a\u00f1os, hab\u00eda desaparecido hac\u00eda un mes en el barrio Noroeste de Bah\u00eda Blanca, ciudad ubicada a unos 636 kil\u00f3metros al sureste de la Capital Federal, y su familia la busc\u00f3 con desesperaci\u00f3n hasta recibir la peor noticia en los primeros minutos de este domingo.<\/p>\n<p>Seg\u00fan reportaron fuentes policiales a la prensa, el cuerpo de Micaela apareci\u00f3 en un descampado de Ingeniero White, unos 10 kil\u00f3metros al sur del lugar donde la menor hab\u00eda sido vista por \u00faltima vez acompa\u00f1ada de un hombre.<\/p>\n<p>Por el crimen de la joven detuvieron a Jonathan Luna, de 26 a\u00f1os, quien habr\u00eda confesado a los investigadores ser el presunto autor material del asesinato hace un mes, cuando la familia le perdi\u00f3 el rastro al joven.<\/p>\n<p>La polic\u00eda realiz\u00f3 una serie de rastrillajes que incluyeron la zona de El Saladero, donde vive el sospechoso, y en los alrededores de la estaci\u00f3n de servicio Rodov\u00eda, donde finalmente encontraron el cuerpo de Micaela, en medio de un monte.<\/p>\n<p>Luna se quebr\u00f3 frente a la polic\u00eda y confes\u00f3 que la mat\u00f3 el mismo d\u00eda que se fue de la casa, publicaron medios de prensa local tras se\u00f1alar que, seg\u00fan fuentes oficiales, el hombre detenido es quien aparece a su lado en filmaciones y charlaba con ella en Facebook, haci\u00e9ndose pasar por una nena.<\/p>\n<p><a href=\"http:\/\/www.elsindical.com.ar\/notas\/var\/www\/html\/notas\/wp-content\/uploads\/2016\/05\/Micaela-y-Jonathan-Luna.jpg\"><img loading=\"lazy\" decoding=\"async\" class=\"alignnone size-medium wp-image-59737\" src=\"http:\/\/www.elsindical.com.ar\/notas\/var\/www\/html\/notas\/wp-content\/uploads\/2016\/05\/Micaela-y-Jonathan-Luna-300x169.jpg\" alt=\"Micaela-y-Jonathan-Luna\" width=\"300\" height=\"169\" srcset=\"https:\/\/www.elsindical.com.ar\/notas\/var\/www\/html\/notas\/wp-content\/uploads\/2016\/05\/Micaela-y-Jonathan-Luna-300x169.jpg 300w, https:\/\/www.elsindical.com.ar\/notas\/var\/www\/html\/notas\/wp-content\/uploads\/2016\/05\/Micaela-y-Jonathan-Luna-500x281.jpg 500w, https:\/\/www.elsindical.com.ar\/notas\/var\/www\/html\/notas\/wp-content\/uploads\/2016\/05\/Micaela-y-Jonathan-Luna.jpg 620w\" sizes=\"auto, (max-width: 300px) 100vw, 300px\" \/><\/a><\/p>\n","protected":false},"excerpt":{"rendered":"<p>\u00a0Fue encontrada a un costado de la Ruta 3. La ni\u00f1a de 12 a\u00f1os hab\u00eda desaparecido hace m\u00e1s de un mes. Jonathan Luna, de 26 a\u00f1os, habr\u00eda confesado ser el autor material del asesinato.\u00a0\u00a0\u00a0\u00a0 La adolescente Micaela Aldana Ortega fue encontrada sin vida esta madrugada en un descampado de la localidad de Ingeniero White despu\u00e9s&hellip;<\/p>\n","protected":false},"author":1,"featured_media":0,"comment_status":"open","ping_status":"open","sticky":false,"template":"","format":"standard","meta":{"footnotes":""},"categories":[22],"tags":[365,23669,23668,23667,4109],"class_list":["post-59734","post","type-post","status-publish","format-standard","hentry","category-policiales","tag-bahia-blanca","tag-ingeniero-white","tag-jonathan-luna","tag-maicaela-aldana-ortega","tag-nina"],"_links":{"self":[{"href":"https:\/\/www.elsindical.com.ar\/notas\/wp-json\/wp\/v2\/posts\/59734","targetHints":{"allow":["GET"]}}],"collection":[{"href":"https:\/\/www.elsindical.com.ar\/notas\/wp-json\/wp\/v2\/posts"}],"about":[{"href":"https:\/\/www.elsindical.com.ar\/notas\/wp-json\/wp\/v2\/types\/post"}],"author":[{"embeddable":true,"href":"https:\/\/www.elsindical.com.ar\/notas\/wp-json\/wp\/v2\/users\/1"}],"replies":[{"embeddable":true,"href":"https:\/\/www.elsindical.com.ar\/notas\/wp-json\/wp\/v2\/comments?post=59734"}],"version-history":[{"count":3,"href":"https:\/\/www.elsindical.com.ar\/notas\/wp-json\/wp\/v2\/posts\/59734\/revisions"}],"predecessor-version":[{"id":59739,"href":"https:\/\/www.elsindical.com.ar\/notas\/wp-json\/wp\/v2\/posts\/59734\/revisions\/59739"}],"wp:attachment":[{"href":"https:\/\/www.elsindical.com.ar\/notas\/wp-json\/wp\/v2\/media?parent=59734"}],"wp:term":[{"taxonomy":"category","embeddable":true,"href":"https:\/\/www.elsindical.com.ar\/notas\/wp-json\/wp\/v2\/categories?post=59734"},{"taxonomy":"post_tag","embeddable":true,"href":"https:\/\/www.elsindical.com.ar\/notas\/wp-json\/wp\/v2\/tags?post=59734"}],"curies":[{"name":"wp","href":"https:\/\/api.w.org\/{rel}","templated":true}]}}