{"id":59637,"date":"2016-05-24T13:35:07","date_gmt":"2016-05-24T16:35:07","guid":{"rendered":"http:\/\/www.elsindical.com.ar\/notas\/?p=59637"},"modified":"2016-05-24T13:35:07","modified_gmt":"2016-05-24T16:35:07","slug":"frigerio-pidio-a-los-argentinos-esfuerzo-para-pagar-boletas","status":"publish","type":"post","link":"https:\/\/www.elsindical.com.ar\/notas\/frigerio-pidio-a-los-argentinos-esfuerzo-para-pagar-boletas\/","title":{"rendered":"Frigerio pidi\u00f3 a los argentinos \u00abesfuerzo\u00bb para pagar boletas"},"content":{"rendered":"<p><em><a href=\"http:\/\/www.elsindical.com.ar\/notas\/var\/www\/html\/notas\/wp-content\/uploads\/2016\/05\/Rogelio-Frigerio.jpg\"><img loading=\"lazy\" decoding=\"async\" class=\"alignnone size-medium wp-image-59638\" src=\"http:\/\/www.elsindical.com.ar\/notas\/var\/www\/html\/notas\/wp-content\/uploads\/2016\/05\/Rogelio-Frigerio-300x169.jpg\" alt=\"Rogelio-Frigerio\" width=\"300\" height=\"169\" srcset=\"https:\/\/www.elsindical.com.ar\/notas\/var\/www\/html\/notas\/wp-content\/uploads\/2016\/05\/Rogelio-Frigerio-300x169.jpg 300w, https:\/\/www.elsindical.com.ar\/notas\/var\/www\/html\/notas\/wp-content\/uploads\/2016\/05\/Rogelio-Frigerio-500x281.jpg 500w, https:\/\/www.elsindical.com.ar\/notas\/var\/www\/html\/notas\/wp-content\/uploads\/2016\/05\/Rogelio-Frigerio.jpg 620w\" sizes=\"auto, (max-width: 300px) 100vw, 300px\" \/><\/a>\u00a0 El ministro del Interior justific\u00f3 los fuertes aumentos se\u00f1alando que\u00a0se viene de \u00abm\u00e1s de una d\u00e9cada de una pol\u00edtica absolutamente errada respecto a la energ\u00eda\u00bb.\u00a0\u00a0\u00a0\u00a0\u00a0<\/em><\/p>\n<p>El ministro del Interior, Rogelio Frigerio, pidi\u00f3 hoy a los argentinos que realicen \u00abun esfuerzo grande\u00bb y paguen sus boletas de energ\u00eda el\u00e9ctrica y gas, con aumentos de entre 400% y 2.500%.<\/p>\n<p>\u00abTodos los argentinos tenemos que hacer un esfuerzo grande para corregir las p\u00e9simas pol\u00edticas energ\u00e9ticas del pasado\u00bb, dijo el funcionario nacional en medio de la pol\u00e9mica por las fuertes subas tarifarias en todo el pa\u00eds, principalmente en la Patagonia.<\/p>\n<p>En declaraciones a Radio Nacional, el ministro volvi\u00f3 a responsabilizar al kirchnerismo por no haber incrementado las tarifas en los \u00faltimos a\u00f1os seg\u00fan los valores de producci\u00f3n, transporte y distribuci\u00f3n.<\/p>\n<p>\u00abEstas no son buenas noticias, son pol\u00edticas que tenemos que llevar adelante dici\u00e9ndole la verdad a la gente para solucionar estructuralmente estos problemas y para que la Argentina en el futuro pueda vivir de su propio gas\u00bb, dijo.<\/p>\n<p>Se\u00f1al\u00f3 que Argentina tiene gas \u00abdesperdiciado\u00bb en su subsuelo porque las \u00abpol\u00edticas erradas\u00bb implementadas por el kirchnerismo desincentivaron las inversiones necesarias para poder extraerlo y producirlo.<\/p>\n<p>Frigerio dijo entender que las actuales subas de tarifas en los servicios p\u00fablicos \u00abno son temas simples\u00bb, pero justific\u00f3 que se viene de \u00abm\u00e1s de una d\u00e9cada de una pol\u00edtica absolutamente errada respecto a la energ\u00eda\u00bb.<\/p>\n<p>\u00abEsas pol\u00edticas erradas nos ha transformado en un pa\u00eds muy vulnerable en t\u00e9rminos energ\u00e9ticos, con desabastecimiento y la posibilidad cierta de quedarnos sin gas si segu\u00edamos en la misma estrategia\u00bb, expres\u00f3 en su ingreso a la Casa Rosada.<\/p>\n<p>Seg\u00fan dijo el funcionario, por las pol\u00edticas del kirchnerismo la Argentina se ha visto obligada a importar algo que los ciudadanos tienen en la Patagonia y otras regiones del pa\u00eds. \u00abLo que estamos haciendo es lo que hay que hacer, independientemente de si nos hace quedar bien, es demag\u00f3gico o no\u00bb, afirm\u00f3 el funcionario ante las cr\u00edticas de los consumidores residenciales, industriales y comerciales.<\/p>\n","protected":false},"excerpt":{"rendered":"<p>\u00a0 El ministro del Interior justific\u00f3 los fuertes aumentos se\u00f1alando que\u00a0se viene de \u00abm\u00e1s de una d\u00e9cada de una pol\u00edtica absolutamente errada respecto a la energ\u00eda\u00bb.\u00a0\u00a0\u00a0\u00a0\u00a0 El ministro del Interior, Rogelio Frigerio, pidi\u00f3 hoy a los argentinos que realicen \u00abun esfuerzo grande\u00bb y paguen sus boletas de energ\u00eda el\u00e9ctrica y gas, con aumentos de entre&hellip;<\/p>\n","protected":false},"author":1,"featured_media":0,"comment_status":"open","ping_status":"open","sticky":false,"template":"","format":"standard","meta":{"footnotes":""},"categories":[13],"tags":[1754,1319,7898,22597,373],"class_list":["post-59637","post","type-post","status-publish","format-standard","hentry","category-politica","tag-aumentos","tag-facturas","tag-ministro-del-interior","tag-rogelio-frigerio","tag-tarifas"],"_links":{"self":[{"href":"https:\/\/www.elsindical.com.ar\/notas\/wp-json\/wp\/v2\/posts\/59637","targetHints":{"allow":["GET"]}}],"collection":[{"href":"https:\/\/www.elsindical.com.ar\/notas\/wp-json\/wp\/v2\/posts"}],"about":[{"href":"https:\/\/www.elsindical.com.ar\/notas\/wp-json\/wp\/v2\/types\/post"}],"author":[{"embeddable":true,"href":"https:\/\/www.elsindical.com.ar\/notas\/wp-json\/wp\/v2\/users\/1"}],"replies":[{"embeddable":true,"href":"https:\/\/www.elsindical.com.ar\/notas\/wp-json\/wp\/v2\/comments?post=59637"}],"version-history":[{"count":1,"href":"https:\/\/www.elsindical.com.ar\/notas\/wp-json\/wp\/v2\/posts\/59637\/revisions"}],"predecessor-version":[{"id":59639,"href":"https:\/\/www.elsindical.com.ar\/notas\/wp-json\/wp\/v2\/posts\/59637\/revisions\/59639"}],"wp:attachment":[{"href":"https:\/\/www.elsindical.com.ar\/notas\/wp-json\/wp\/v2\/media?parent=59637"}],"wp:term":[{"taxonomy":"category","embeddable":true,"href":"https:\/\/www.elsindical.com.ar\/notas\/wp-json\/wp\/v2\/categories?post=59637"},{"taxonomy":"post_tag","embeddable":true,"href":"https:\/\/www.elsindical.com.ar\/notas\/wp-json\/wp\/v2\/tags?post=59637"}],"curies":[{"name":"wp","href":"https:\/\/api.w.org\/{rel}","templated":true}]}}