{"id":59620,"date":"2016-05-23T13:54:49","date_gmt":"2016-05-23T16:54:49","guid":{"rendered":"http:\/\/www.elsindical.com.ar\/notas\/?p=59620"},"modified":"2016-05-23T13:54:49","modified_gmt":"2016-05-23T16:54:49","slug":"podria-faltar-combustible-por-medida-de-fuerza-de-portuarios","status":"publish","type":"post","link":"https:\/\/www.elsindical.com.ar\/notas\/podria-faltar-combustible-por-medida-de-fuerza-de-portuarios\/","title":{"rendered":"Podr\u00eda faltar combustible por medida de fuerza de portuarios"},"content":{"rendered":"<p><em><a href=\"http:\/\/www.elsindical.com.ar\/notas\/var\/www\/html\/notas\/wp-content\/uploads\/2016\/05\/falta-de-combustible.jpg\"><img loading=\"lazy\" decoding=\"async\" class=\"alignnone size-medium wp-image-59621\" src=\"http:\/\/www.elsindical.com.ar\/notas\/var\/www\/html\/notas\/wp-content\/uploads\/2016\/05\/falta-de-combustible-300x169.jpg\" alt=\"falta-de-combustible\" width=\"300\" height=\"169\" srcset=\"https:\/\/www.elsindical.com.ar\/notas\/var\/www\/html\/notas\/wp-content\/uploads\/2016\/05\/falta-de-combustible-300x169.jpg 300w, https:\/\/www.elsindical.com.ar\/notas\/var\/www\/html\/notas\/wp-content\/uploads\/2016\/05\/falta-de-combustible-500x282.jpg 500w, https:\/\/www.elsindical.com.ar\/notas\/var\/www\/html\/notas\/wp-content\/uploads\/2016\/05\/falta-de-combustible.jpg 531w\" sizes=\"auto, (max-width: 300px) 100vw, 300px\" \/><\/a>\u00a0 Capitanes y maquinistas navales paran por 48 horas para denunciar la situaci\u00f3n de \u00abtensi\u00f3n\u00bb en la actividad con m\u00e1s de \u00abmil despidos\u00bb. Varios de los buques afectados son cargueros de compa\u00f1\u00edas petroleras.<\/em><\/p>\n<p>Es por un reclamo de los trabajadores portuarios y varios de los buques afectados por la medida de fuerza son cargueros de las compa\u00f1\u00edas petroleras.<\/p>\n<p>Capitanes y maquinistas navales iniciaron un paro de 48 horas en buques y puertos de todo el pa\u00eds para denunciar la situaci\u00f3n de \u00abtensi\u00f3n\u00bb en la actividad con m\u00e1s de \u00abmil despidos\u00bb y convocaron a una movilizaci\u00f3n hacia el Ministerio de Trabajo ma\u00f1ana.<\/p>\n<p>El reclamo puede afectar el suministro de combustibles dado que varios de los buques afectados por la medida de fuerza son cargueros de las compa\u00f1\u00edas petroleras.<\/p>\n<p>Desde los gremios navales pidieron a las autoridades nacionales que \u00abtomen cartas en el asunto\u00bb.<\/p>\n<p>Los conductores, maquinistas y electricistas navales, junto al Centro de Patrones, iniciaron a las 6 un paro en la actividad de carga, descarga y remolque de embarcaciones en el marco de los reclamos que sostienen contra la Federaci\u00f3n de Empresas Navieras Argentinas.<\/p>\n<p>Los navales negocian con la FENA un aumento salarial del 35% para sueldos que, seg\u00fan los empresarios, rondan los cien mil pesos mensuales. Para la c\u00e1mara, es clave discutir cuestiones de competitividad, m\u00e1s all\u00e1 de los ingresos.<\/p>\n<p>En ese contexto, los dep\u00f3sitos fiscales ya advirtieron a sus clientes que habr\u00e1 complicaciones. \u00abLes informamos que debido al cese de actividades anunciado por los Sindicatos Portuarios, la actividad se ver\u00e1 afectada en todos los dep\u00f3sitos fiscales, el lunes 23 desde las 12 en adelante\u00bb, anticiparon sobre la medida.<\/p>\n","protected":false},"excerpt":{"rendered":"<p>\u00a0 Capitanes y maquinistas navales paran por 48 horas para denunciar la situaci\u00f3n de \u00abtensi\u00f3n\u00bb en la actividad con m\u00e1s de \u00abmil despidos\u00bb. Varios de los buques afectados son cargueros de compa\u00f1\u00edas petroleras. Es por un reclamo de los trabajadores portuarios y varios de los buques afectados por la medida de fuerza son cargueros de&hellip;<\/p>\n","protected":false},"author":1,"featured_media":0,"comment_status":"open","ping_status":"open","sticky":false,"template":"","format":"standard","meta":{"footnotes":""},"categories":[16],"tags":[2321,23638,11725,53,16516,67,125],"class_list":["post-59620","post","type-post","status-publish","format-standard","hentry","category-gremiales","tag-buques","tag-capitanes","tag-combustible","tag-despidos","tag-maquinistas","tag-paro","tag-trabajadores"],"_links":{"self":[{"href":"https:\/\/www.elsindical.com.ar\/notas\/wp-json\/wp\/v2\/posts\/59620","targetHints":{"allow":["GET"]}}],"collection":[{"href":"https:\/\/www.elsindical.com.ar\/notas\/wp-json\/wp\/v2\/posts"}],"about":[{"href":"https:\/\/www.elsindical.com.ar\/notas\/wp-json\/wp\/v2\/types\/post"}],"author":[{"embeddable":true,"href":"https:\/\/www.elsindical.com.ar\/notas\/wp-json\/wp\/v2\/users\/1"}],"replies":[{"embeddable":true,"href":"https:\/\/www.elsindical.com.ar\/notas\/wp-json\/wp\/v2\/comments?post=59620"}],"version-history":[{"count":1,"href":"https:\/\/www.elsindical.com.ar\/notas\/wp-json\/wp\/v2\/posts\/59620\/revisions"}],"predecessor-version":[{"id":59622,"href":"https:\/\/www.elsindical.com.ar\/notas\/wp-json\/wp\/v2\/posts\/59620\/revisions\/59622"}],"wp:attachment":[{"href":"https:\/\/www.elsindical.com.ar\/notas\/wp-json\/wp\/v2\/media?parent=59620"}],"wp:term":[{"taxonomy":"category","embeddable":true,"href":"https:\/\/www.elsindical.com.ar\/notas\/wp-json\/wp\/v2\/categories?post=59620"},{"taxonomy":"post_tag","embeddable":true,"href":"https:\/\/www.elsindical.com.ar\/notas\/wp-json\/wp\/v2\/tags?post=59620"}],"curies":[{"name":"wp","href":"https:\/\/api.w.org\/{rel}","templated":true}]}}