{"id":59580,"date":"2016-05-19T21:57:08","date_gmt":"2016-05-20T00:57:08","guid":{"rendered":"http:\/\/www.elsindical.com.ar\/notas\/?p=59580"},"modified":"2016-05-19T21:57:08","modified_gmt":"2016-05-20T00:57:08","slug":"sebastian-vinagre-entre-el-absurdo-y-la-confesion-de-parte","status":"publish","type":"post","link":"https:\/\/www.elsindical.com.ar\/notas\/sebastian-vinagre-entre-el-absurdo-y-la-confesion-de-parte\/","title":{"rendered":"Sebasti\u00e1n Vinagre entre el absurdo y la confesi\u00f3n de parte"},"content":{"rendered":"<p><em><a href=\"http:\/\/www.elsindical.com.ar\/notas\/var\/www\/html\/notas\/wp-content\/uploads\/2016\/05\/Defensor-del-Pueblo-Sebasti\u00e1n-Vinagre.jpg\"><img loading=\"lazy\" decoding=\"async\" class=\"alignnone size-medium wp-image-59581\" src=\"http:\/\/www.elsindical.com.ar\/notas\/var\/www\/html\/notas\/wp-content\/uploads\/2016\/05\/Defensor-del-Pueblo-Sebasti\u00e1n-Vinagre-300x225.jpg\" alt=\"Defensor-del-Pueblo-Sebasti\u00e1n-Vinagre\" width=\"300\" height=\"225\" srcset=\"https:\/\/www.elsindical.com.ar\/notas\/var\/www\/html\/notas\/wp-content\/uploads\/2016\/05\/Defensor-del-Pueblo-Sebasti\u00e1n-Vinagre-300x225.jpg 300w, https:\/\/www.elsindical.com.ar\/notas\/var\/www\/html\/notas\/wp-content\/uploads\/2016\/05\/Defensor-del-Pueblo-Sebasti\u00e1n-Vinagre-400x300.jpg 400w, https:\/\/www.elsindical.com.ar\/notas\/var\/www\/html\/notas\/wp-content\/uploads\/2016\/05\/Defensor-del-Pueblo-Sebasti\u00e1n-Vinagre.jpg 620w\" sizes=\"auto, (max-width: 300px) 100vw, 300px\" \/><\/a>\u00a0\u00a0 El actual concejal del PRO CAMBIEMOS AVELLANEDA y ex Defensor del Pueblo de Avellaneda, el abogado Sebasti\u00e1n Vinagre, ha demostrado una vez m\u00e1s que su conducta y sus dichos no suelen tener algo que en derecho se dice congruencia y en sociedad coherencia, m\u00e1s a\u00fan su votaci\u00f3n en el HCD confirma lo que tantas veces denunciamos desde nuestro medio, que la Defensor\u00eda no ten\u00eda un registro confiable de los gastos.<\/em><\/p>\n<p>Hace ya un par de a\u00f1os, que le solicitamos al entonces Defensor del Pueblo de Avellaneda, Sebasti\u00e1n Vinagre, una rendici\u00f3n p\u00fablica de los gastos de la Defensor\u00eda a su cargo, sobraban denuncias de \u00ab\u00f1oquis\u00bb y no de papa, de empleados que por su cantidad no cab\u00edan en la oficina que ocupa la Defensor\u00eda y de algunos otros \u00abgastos\u00bb poco claros, como el alquiler y los gastos de publicidad, obviamente nunca respondi\u00f3 a las requisitorias y en una charla personal hasta reconoci\u00f3 que ten\u00eda empleados no elegidos por \u00e9l, sino puestos por el intendente y Monz\u00f3n (jefe de personal municipal) en esa oportunidad adem\u00e1s manifesto que el no ten\u00eda poder de ejecutar el presupuesto anual y que todo pasaba por el municipio, curiosa confesi\u00f3n de un abogado que se supone ten\u00eda como funci\u00f3n cuidar los intereses de los vecinos.<\/p>\n<p>Su votaci\u00f3n en contra de aprobar el presupuesto municipal 2015 en el HCD, no tard\u00f3 en tener una respuesta de parte del presidente del bloque oficialista el concejal Jorge Degli Innocenti, que tild\u00f3 a la posici\u00f3n de Vinagre con estas palabras <em><strong>\u00abclaramente la incoherencia de Vinagre viene de la mano de las t\u00edpicas internas pol\u00edticas locales que llevan a este tipo de mamarrachos institucionales, como el de este edil macrista.\u00bb<\/strong><\/em><\/p>\n<p><strong><em>\u201cMiren, es incre\u00edble, pero Vinagre que era Defensor del Pueblo y ahora es ahora concejal del PRO vot\u00f3 en contra de la rendici\u00f3n donde est\u00e1n las cuentas donde estaban sus gastos. O sea, para \u00e9l hizo mal su gesti\u00f3n de gastos\u201d.<\/em><\/strong><br \/>\n<strong><em> Sin lugar a dudas, este absurdo pol\u00edtico tiene consecuencias por la interna del PRO en la que el ex intendente, ex senador, ex ministro y ex presidente del PJ, Baldomero Cacho \u00c1lvarez de Olivera se ha metido para ir en contra del intendente Jorge Ferraresi, aliado a la diputada nacional Gladys Gonz\u00e1lez, sobre la que tambi\u00e9n Degli Innocenti se refiri\u00f3.<\/em><\/strong><br \/>\n<strong><em> Al respecto del voto de la pata fundadora del PRO, Innocenti explic\u00f3: \u00abEl voto de Daniel Garc\u00eda que es fundador del PRO es porque no se banca que una mujer que no s\u00e9 c\u00f3mo se llama y que no vive en Avellaneda (por Gladys Gonz\u00e1lez), le d\u00e9 \u00f3rdenes cuando vino de Puerto Madero. Y Garc\u00eda tampoco se banca que un anciano vencido como Cacho \u00c1lvarez le prometa a Vinagre que ser\u00e1 intendente\u00bb.<\/em><\/strong><\/p>\n<p>Desde El Sindical, invitamos al concejal Sebasti\u00e1n Vinagre a que explique su votaci\u00f3n, pero m\u00e1s a\u00fan que nos cuente a los vecinos y los medios la verdad de los gastos en la Defensor\u00eda del Pueblo durante su gesti\u00f3n, de otra manera tendremos que considerar ese refr\u00e1n que dice, \u00aba confesiones de parte, relevo de pruebas.<\/p>\n<p>&nbsp;<\/p>\n<p><em><strong>Por Marcelo Ricardo Hawrylciw<\/strong><\/em><\/p>\n<p>&nbsp;<\/p>\n","protected":false},"excerpt":{"rendered":"<p>\u00a0\u00a0 El actual concejal del PRO CAMBIEMOS AVELLANEDA y ex Defensor del Pueblo de Avellaneda, el abogado Sebasti\u00e1n Vinagre, ha demostrado una vez m\u00e1s que su conducta y sus dichos no suelen tener algo que en derecho se dice congruencia y en sociedad coherencia, m\u00e1s a\u00fan su votaci\u00f3n en el HCD confirma lo que tantas&hellip;<\/p>\n","protected":false},"author":1,"featured_media":0,"comment_status":"open","ping_status":"open","sticky":false,"template":"","format":"standard","meta":{"footnotes":""},"categories":[13],"tags":[8934,16587,15486,328,459],"class_list":["post-59580","post","type-post","status-publish","format-standard","hentry","category-politica","tag-gastos","tag-hcd","tag-jorge-degli-innocenti","tag-pro","tag-sebastian-vinagre"],"_links":{"self":[{"href":"https:\/\/www.elsindical.com.ar\/notas\/wp-json\/wp\/v2\/posts\/59580","targetHints":{"allow":["GET"]}}],"collection":[{"href":"https:\/\/www.elsindical.com.ar\/notas\/wp-json\/wp\/v2\/posts"}],"about":[{"href":"https:\/\/www.elsindical.com.ar\/notas\/wp-json\/wp\/v2\/types\/post"}],"author":[{"embeddable":true,"href":"https:\/\/www.elsindical.com.ar\/notas\/wp-json\/wp\/v2\/users\/1"}],"replies":[{"embeddable":true,"href":"https:\/\/www.elsindical.com.ar\/notas\/wp-json\/wp\/v2\/comments?post=59580"}],"version-history":[{"count":1,"href":"https:\/\/www.elsindical.com.ar\/notas\/wp-json\/wp\/v2\/posts\/59580\/revisions"}],"predecessor-version":[{"id":59582,"href":"https:\/\/www.elsindical.com.ar\/notas\/wp-json\/wp\/v2\/posts\/59580\/revisions\/59582"}],"wp:attachment":[{"href":"https:\/\/www.elsindical.com.ar\/notas\/wp-json\/wp\/v2\/media?parent=59580"}],"wp:term":[{"taxonomy":"category","embeddable":true,"href":"https:\/\/www.elsindical.com.ar\/notas\/wp-json\/wp\/v2\/categories?post=59580"},{"taxonomy":"post_tag","embeddable":true,"href":"https:\/\/www.elsindical.com.ar\/notas\/wp-json\/wp\/v2\/tags?post=59580"}],"curies":[{"name":"wp","href":"https:\/\/api.w.org\/{rel}","templated":true}]}}