{"id":59577,"date":"2016-05-19T19:11:16","date_gmt":"2016-05-19T22:11:16","guid":{"rendered":"http:\/\/www.elsindical.com.ar\/notas\/?p=59577"},"modified":"2016-05-19T19:11:16","modified_gmt":"2016-05-19T22:11:16","slug":"quilmes-subcomisario-mata-un-menor-de-14-anos-al-repeler-intento-de-robo-en-bernal","status":"publish","type":"post","link":"https:\/\/www.elsindical.com.ar\/notas\/quilmes-subcomisario-mata-un-menor-de-14-anos-al-repeler-intento-de-robo-en-bernal\/","title":{"rendered":"Quilmes: Subcomisario mata un menor de 14 a\u00f1os al repeler intento de robo en Bernal"},"content":{"rendered":"<p><em><a href=\"http:\/\/www.elsindical.com.ar\/notas\/var\/www\/html\/notas\/wp-content\/uploads\/2016\/05\/Acceso-Sudeste-Bernal.jpg\"><img loading=\"lazy\" decoding=\"async\" class=\"alignnone size-medium wp-image-59578\" src=\"http:\/\/www.elsindical.com.ar\/notas\/var\/www\/html\/notas\/wp-content\/uploads\/2016\/05\/Acceso-Sudeste-Bernal-300x160.jpg\" alt=\"Acceso-Sudeste-Bernal\" width=\"300\" height=\"160\" srcset=\"https:\/\/www.elsindical.com.ar\/notas\/var\/www\/html\/notas\/wp-content\/uploads\/2016\/05\/Acceso-Sudeste-Bernal-300x160.jpg 300w, https:\/\/www.elsindical.com.ar\/notas\/var\/www\/html\/notas\/wp-content\/uploads\/2016\/05\/Acceso-Sudeste-Bernal-500x267.jpg 500w, https:\/\/www.elsindical.com.ar\/notas\/var\/www\/html\/notas\/wp-content\/uploads\/2016\/05\/Acceso-Sudeste-Bernal.jpg 531w\" sizes=\"auto, (max-width: 300px) 100vw, 300px\" \/><\/a>\u00a0 Tres delincuentes intentaron\u00a0robarle el auto al uniformado. En medio del intercambio de balas, pereci\u00f3 unos de los malvivientes, de 14 a\u00f1os, mientras los otros dos escaparon.<\/em><\/p>\n<p>El\u00a0Subcomisario Flores Rolando\u00a0de la Polic\u00eda de la provincia de Buenos Aires mat\u00f3 a balazos a uno de los 3 delincuentes que pretendieron robarle el autom\u00f3vil que conduc\u00eda, en un cruento suceso registrado en la localidad bonaerense de Bernal, en el partido de Quilmes. El ladr\u00f3n abatido en el enfrentamiento era un precoz\u00a0delincuente de 14 a\u00f1os.<\/p>\n<p>Los voceros revelaron que el hecho se produjo en el cruce del Acceso Sudeste y la avenida San Mart\u00edn, cuando el oficial, que se hallaba franco de servicio y vestido de civil, guiaba un VW Bora, oportunidad en la que fue interceptado por 3 sujetos provistos de armas de fuego, quienes le exigieron la entrega del rodado.<\/p>\n<p>Pero la v\u00edctima se resisti\u00f3 al asalto y no dud\u00f3 en mantener un violento tiroteo con los malvivientes, quienes se dieron r\u00e1pidamente a la fuga.<\/p>\n<p>Momentos despu\u00e9s, uno de los ladrones, de 14 a\u00f1os, que hab\u00eda resultado herido en el intercambio de proyectiles, fue trasladado al Hospital de Wilde, por su propio padre\u00a0aunque dej\u00f3 de existir, debido a las heridas recibidas que ser\u00edan un disparo en el t\u00f3rax y dos en el vientre.<\/p>\n<p>Integrantes de la comisar\u00eda de Bernal (2a de Quilmes) procuran averiguar el paradero de los otros sujetos.<\/p>\n<p>El jefe policial es el titular del Destacamento Don Bosco, pr\u00f3ximo al lugar de los hechos y en la investigaci\u00f3n interviene la UFI Juvenil N\u00ba 5 de Quilmes. Del menor solo se sabe que resid\u00eda a metros del lugar del enfrentamiento.<\/p>\n","protected":false},"excerpt":{"rendered":"<p>\u00a0 Tres delincuentes intentaron\u00a0robarle el auto al uniformado. En medio del intercambio de balas, pereci\u00f3 unos de los malvivientes, de 14 a\u00f1os, mientras los otros dos escaparon. El\u00a0Subcomisario Flores Rolando\u00a0de la Polic\u00eda de la provincia de Buenos Aires mat\u00f3 a balazos a uno de los 3 delincuentes que pretendieron robarle el autom\u00f3vil que conduc\u00eda, en&hellip;<\/p>\n","protected":false},"author":1,"featured_media":0,"comment_status":"open","ping_status":"open","sticky":false,"template":"","format":"standard","meta":{"footnotes":""},"categories":[22],"tags":[683,1076,223,684,23628,238],"class_list":["post-59577","post","type-post","status-publish","format-standard","hentry","category-policiales","tag-bernal","tag-don-bosco","tag-menor","tag-quilmes","tag-subcomisario-flores-rolando","tag-tiroteo"],"_links":{"self":[{"href":"https:\/\/www.elsindical.com.ar\/notas\/wp-json\/wp\/v2\/posts\/59577","targetHints":{"allow":["GET"]}}],"collection":[{"href":"https:\/\/www.elsindical.com.ar\/notas\/wp-json\/wp\/v2\/posts"}],"about":[{"href":"https:\/\/www.elsindical.com.ar\/notas\/wp-json\/wp\/v2\/types\/post"}],"author":[{"embeddable":true,"href":"https:\/\/www.elsindical.com.ar\/notas\/wp-json\/wp\/v2\/users\/1"}],"replies":[{"embeddable":true,"href":"https:\/\/www.elsindical.com.ar\/notas\/wp-json\/wp\/v2\/comments?post=59577"}],"version-history":[{"count":1,"href":"https:\/\/www.elsindical.com.ar\/notas\/wp-json\/wp\/v2\/posts\/59577\/revisions"}],"predecessor-version":[{"id":59579,"href":"https:\/\/www.elsindical.com.ar\/notas\/wp-json\/wp\/v2\/posts\/59577\/revisions\/59579"}],"wp:attachment":[{"href":"https:\/\/www.elsindical.com.ar\/notas\/wp-json\/wp\/v2\/media?parent=59577"}],"wp:term":[{"taxonomy":"category","embeddable":true,"href":"https:\/\/www.elsindical.com.ar\/notas\/wp-json\/wp\/v2\/categories?post=59577"},{"taxonomy":"post_tag","embeddable":true,"href":"https:\/\/www.elsindical.com.ar\/notas\/wp-json\/wp\/v2\/tags?post=59577"}],"curies":[{"name":"wp","href":"https:\/\/api.w.org\/{rel}","templated":true}]}}