{"id":59565,"date":"2016-05-19T17:52:21","date_gmt":"2016-05-19T20:52:21","guid":{"rendered":"http:\/\/www.elsindical.com.ar\/notas\/?p=59565"},"modified":"2016-05-19T17:52:21","modified_gmt":"2016-05-19T20:52:21","slug":"gemelas-argentinas-ganan-dinero-con-las-redes-sociales","status":"publish","type":"post","link":"https:\/\/www.elsindical.com.ar\/notas\/gemelas-argentinas-ganan-dinero-con-las-redes-sociales\/","title":{"rendered":"Gemelas argentinas ganan dinero con las redes sociales"},"content":{"rendered":"<p><em><a href=\"http:\/\/www.elsindical.com.ar\/notas\/var\/www\/html\/notas\/wp-content\/uploads\/2016\/05\/Dana-y-Nadia-Bruna-9.jpg\"><img loading=\"lazy\" decoding=\"async\" class=\"alignnone size-medium wp-image-59567\" src=\"http:\/\/www.elsindical.com.ar\/notas\/var\/www\/html\/notas\/wp-content\/uploads\/2016\/05\/Dana-y-Nadia-Bruna-9-300x200.jpg\" alt=\"Dana y Nadia Bruna 9\" width=\"300\" height=\"200\" srcset=\"https:\/\/www.elsindical.com.ar\/notas\/var\/www\/html\/notas\/wp-content\/uploads\/2016\/05\/Dana-y-Nadia-Bruna-9-300x200.jpg 300w, https:\/\/www.elsindical.com.ar\/notas\/var\/www\/html\/notas\/wp-content\/uploads\/2016\/05\/Dana-y-Nadia-Bruna-9-450x300.jpg 450w, https:\/\/www.elsindical.com.ar\/notas\/var\/www\/html\/notas\/wp-content\/uploads\/2016\/05\/Dana-y-Nadia-Bruna-9.jpg 640w\" sizes=\"auto, (max-width: 300px) 100vw, 300px\" \/><\/a>\u00a0 Con mucho entrenamiento y una ayuda de la cirug\u00eda pl\u00e1stica, Dana y Nadia Bruna tienen cuerpos s\u00faper curvil\u00edneos. Mediante videos y fotos que postean en Instagram y Suppe obtienen m\u00e1s de 30 mil d\u00f3lares al mes.<\/em><\/p>\n<p>Cuando se construy\u00f3 el primer servidor web en 1990, muchos pensaron que Internet iba a terminar siendo un juego para nerds. Pero lejos de tomar ese camino, se masific\u00f3 posibilitando, adem\u00e1s de una nueva forma de comunicaci\u00f3n, una v\u00eda para ganar dinero de maneras inauditas.<\/p>\n<p>Como el caso de <b>Dana y Nadia Bruna<\/b>, dos gemelas argentinas de 30 a\u00f1os que viven en Miami y utilizan las redes sociales para mostrar su belleza. No hay dudas: sus cuerpos tienen unas curvas tan pronunciadas que su sensualidad va m\u00e1s all\u00e1 de la voluptuosidad tradicional. Para comprobarlo basta con ver las fotos y videos que postean estas mujeres que no temen en autodenominarse \u00abchicas pl\u00e1sticas\u00bb.<\/p>\n<p>Mediante Instagram y Suppe cosechan m\u00e1s de 30 mil d\u00f3lares al mes. Y su popularidad aumenta. Sumando las dos cuentas poseen 1.2 millones de seguidores en Instagram. En una reciente entrevista con <i>Daily Mail<\/i> cuentan que en la adolescencia eran \u00abgorditas\u00bb pero desde hace un tiempo entrenan duro y, mediante la ayuda de la cirug\u00eda est\u00e9tica, lograron tener \u00abcuerpos perfectos\u00bb.<\/p>\n<p><b>\u00abAl principio me sent\u00eda mal sinti\u00e9ndome un objeto sexual para los hombres pero un d\u00eda lo vi del otro lado y dije: &#8216;si los hombres no ser\u00edan as\u00ed yo no tendr\u00eda trabajo&#8217;. Ahora lo veo como una bendici\u00f3n\u00bb<\/b>, cont\u00f3 Nadia y su hermana Dana agreg\u00f3: \u00abNuestra idea es tambi\u00e9n ayudar a que las mujeres puedan levantar su autoestima\u00bb.<\/p>\n<p>\u00abSabemos que esta imagen no nos va a durar para siempre, pero mientras podamos vamos a seguir modelando que es lo que nos gusta hacer. Y sabemos que tenemos talento tambi\u00e9n\u00bb, concluyeron.<\/p>\n<p><a href=\"http:\/\/www.elsindical.com.ar\/notas\/var\/www\/html\/notas\/wp-content\/uploads\/2016\/05\/Dana-y-Nadia-Bruna-10.jpg\"><img loading=\"lazy\" decoding=\"async\" class=\"alignnone size-medium wp-image-59566\" src=\"http:\/\/www.elsindical.com.ar\/notas\/var\/www\/html\/notas\/wp-content\/uploads\/2016\/05\/Dana-y-Nadia-Bruna-10-300x200.jpg\" alt=\"Dana y Nadia Bruna 10\" width=\"300\" height=\"200\" srcset=\"https:\/\/www.elsindical.com.ar\/notas\/var\/www\/html\/notas\/wp-content\/uploads\/2016\/05\/Dana-y-Nadia-Bruna-10-300x200.jpg 300w, https:\/\/www.elsindical.com.ar\/notas\/var\/www\/html\/notas\/wp-content\/uploads\/2016\/05\/Dana-y-Nadia-Bruna-10-450x300.jpg 450w, https:\/\/www.elsindical.com.ar\/notas\/var\/www\/html\/notas\/wp-content\/uploads\/2016\/05\/Dana-y-Nadia-Bruna-10.jpg 615w\" sizes=\"auto, (max-width: 300px) 100vw, 300px\" \/><\/a><a href=\"http:\/\/www.elsindical.com.ar\/notas\/var\/www\/html\/notas\/wp-content\/uploads\/2016\/05\/Dana-y-Nadia-Bruna-5.jpg\"><img loading=\"lazy\" decoding=\"async\" class=\"alignnone size-medium wp-image-59568\" src=\"http:\/\/www.elsindical.com.ar\/notas\/var\/www\/html\/notas\/wp-content\/uploads\/2016\/05\/Dana-y-Nadia-Bruna-5-300x300.jpg\" alt=\"Dana y Nadia Bruna 5\" width=\"300\" height=\"300\" srcset=\"https:\/\/www.elsindical.com.ar\/notas\/var\/www\/html\/notas\/wp-content\/uploads\/2016\/05\/Dana-y-Nadia-Bruna-5-300x300.jpg 300w, https:\/\/www.elsindical.com.ar\/notas\/var\/www\/html\/notas\/wp-content\/uploads\/2016\/05\/Dana-y-Nadia-Bruna-5-150x150.jpg 150w, https:\/\/www.elsindical.com.ar\/notas\/var\/www\/html\/notas\/wp-content\/uploads\/2016\/05\/Dana-y-Nadia-Bruna-5.jpg 640w\" sizes=\"auto, (max-width: 300px) 100vw, 300px\" \/><\/a><a href=\"http:\/\/www.elsindical.com.ar\/notas\/var\/www\/html\/notas\/wp-content\/uploads\/2016\/05\/Dana-y-Nadia-Bruna-8.jpg\"><img loading=\"lazy\" decoding=\"async\" class=\"alignnone size-medium wp-image-59569\" src=\"http:\/\/www.elsindical.com.ar\/notas\/var\/www\/html\/notas\/wp-content\/uploads\/2016\/05\/Dana-y-Nadia-Bruna-8-252x300.jpg\" alt=\"Dana y Nadia Bruna 8\" width=\"252\" height=\"300\" srcset=\"https:\/\/www.elsindical.com.ar\/notas\/var\/www\/html\/notas\/wp-content\/uploads\/2016\/05\/Dana-y-Nadia-Bruna-8-252x300.jpg 252w, https:\/\/www.elsindical.com.ar\/notas\/var\/www\/html\/notas\/wp-content\/uploads\/2016\/05\/Dana-y-Nadia-Bruna-8.jpg 640w\" sizes=\"auto, (max-width: 252px) 100vw, 252px\" \/><\/a><a href=\"http:\/\/www.elsindical.com.ar\/notas\/var\/www\/html\/notas\/wp-content\/uploads\/2016\/05\/Dana-y-Nadia-Bruna-1.jpg\"><img loading=\"lazy\" decoding=\"async\" class=\"alignnone size-medium wp-image-59575\" src=\"http:\/\/www.elsindical.com.ar\/notas\/var\/www\/html\/notas\/wp-content\/uploads\/2016\/05\/Dana-y-Nadia-Bruna-1-300x300.jpg\" alt=\"Dana y Nadia Bruna 1\" width=\"300\" height=\"300\" srcset=\"https:\/\/www.elsindical.com.ar\/notas\/var\/www\/html\/notas\/wp-content\/uploads\/2016\/05\/Dana-y-Nadia-Bruna-1-300x300.jpg 300w, https:\/\/www.elsindical.com.ar\/notas\/var\/www\/html\/notas\/wp-content\/uploads\/2016\/05\/Dana-y-Nadia-Bruna-1-150x150.jpg 150w, https:\/\/www.elsindical.com.ar\/notas\/var\/www\/html\/notas\/wp-content\/uploads\/2016\/05\/Dana-y-Nadia-Bruna-1.jpg 640w\" sizes=\"auto, (max-width: 300px) 100vw, 300px\" \/><\/a><a href=\"http:\/\/www.elsindical.com.ar\/notas\/var\/www\/html\/notas\/wp-content\/uploads\/2016\/05\/Dana-y-Nadia-Bruna-4.jpg\"><img loading=\"lazy\" decoding=\"async\" class=\"alignnone size-medium wp-image-59574\" src=\"http:\/\/www.elsindical.com.ar\/notas\/var\/www\/html\/notas\/wp-content\/uploads\/2016\/05\/Dana-y-Nadia-Bruna-4-300x300.jpg\" alt=\"Dana y Nadia Bruna 4\" width=\"300\" height=\"300\" srcset=\"https:\/\/www.elsindical.com.ar\/notas\/var\/www\/html\/notas\/wp-content\/uploads\/2016\/05\/Dana-y-Nadia-Bruna-4-300x300.jpg 300w, https:\/\/www.elsindical.com.ar\/notas\/var\/www\/html\/notas\/wp-content\/uploads\/2016\/05\/Dana-y-Nadia-Bruna-4-150x150.jpg 150w, https:\/\/www.elsindical.com.ar\/notas\/var\/www\/html\/notas\/wp-content\/uploads\/2016\/05\/Dana-y-Nadia-Bruna-4.jpg 640w\" sizes=\"auto, (max-width: 300px) 100vw, 300px\" \/><\/a><a href=\"http:\/\/www.elsindical.com.ar\/notas\/var\/www\/html\/notas\/wp-content\/uploads\/2016\/05\/Dana-y-Nadia-Bruna-3.jpg\"><img loading=\"lazy\" decoding=\"async\" class=\"alignnone size-medium wp-image-59573\" src=\"http:\/\/www.elsindical.com.ar\/notas\/var\/www\/html\/notas\/wp-content\/uploads\/2016\/05\/Dana-y-Nadia-Bruna-3-300x300.jpg\" alt=\"Dana y Nadia Bruna 3\" width=\"300\" height=\"300\" srcset=\"https:\/\/www.elsindical.com.ar\/notas\/var\/www\/html\/notas\/wp-content\/uploads\/2016\/05\/Dana-y-Nadia-Bruna-3-300x300.jpg 300w, https:\/\/www.elsindical.com.ar\/notas\/var\/www\/html\/notas\/wp-content\/uploads\/2016\/05\/Dana-y-Nadia-Bruna-3-150x150.jpg 150w, https:\/\/www.elsindical.com.ar\/notas\/var\/www\/html\/notas\/wp-content\/uploads\/2016\/05\/Dana-y-Nadia-Bruna-3.jpg 640w\" sizes=\"auto, (max-width: 300px) 100vw, 300px\" \/><\/a><a href=\"http:\/\/www.elsindical.com.ar\/notas\/var\/www\/html\/notas\/wp-content\/uploads\/2016\/05\/Dana-y-Nadia-Bruna-7.jpg\"><img loading=\"lazy\" decoding=\"async\" class=\"alignnone size-medium wp-image-59572\" src=\"http:\/\/www.elsindical.com.ar\/notas\/var\/www\/html\/notas\/wp-content\/uploads\/2016\/05\/Dana-y-Nadia-Bruna-7-300x300.jpg\" alt=\"Dana y Nadia Bruna 7\" width=\"300\" height=\"300\" srcset=\"https:\/\/www.elsindical.com.ar\/notas\/var\/www\/html\/notas\/wp-content\/uploads\/2016\/05\/Dana-y-Nadia-Bruna-7-300x300.jpg 300w, https:\/\/www.elsindical.com.ar\/notas\/var\/www\/html\/notas\/wp-content\/uploads\/2016\/05\/Dana-y-Nadia-Bruna-7-150x150.jpg 150w, https:\/\/www.elsindical.com.ar\/notas\/var\/www\/html\/notas\/wp-content\/uploads\/2016\/05\/Dana-y-Nadia-Bruna-7.jpg 640w\" sizes=\"auto, (max-width: 300px) 100vw, 300px\" \/><\/a><a href=\"http:\/\/www.elsindical.com.ar\/notas\/var\/www\/html\/notas\/wp-content\/uploads\/2016\/05\/Dana-y-Nadia-Bruna-6.jpg\"><img loading=\"lazy\" decoding=\"async\" class=\"alignnone size-medium wp-image-59571\" src=\"http:\/\/www.elsindical.com.ar\/notas\/var\/www\/html\/notas\/wp-content\/uploads\/2016\/05\/Dana-y-Nadia-Bruna-6-300x300.jpg\" alt=\"Dana y Nadia Bruna 6\" width=\"300\" height=\"300\" srcset=\"https:\/\/www.elsindical.com.ar\/notas\/var\/www\/html\/notas\/wp-content\/uploads\/2016\/05\/Dana-y-Nadia-Bruna-6-300x300.jpg 300w, https:\/\/www.elsindical.com.ar\/notas\/var\/www\/html\/notas\/wp-content\/uploads\/2016\/05\/Dana-y-Nadia-Bruna-6-150x150.jpg 150w, https:\/\/www.elsindical.com.ar\/notas\/var\/www\/html\/notas\/wp-content\/uploads\/2016\/05\/Dana-y-Nadia-Bruna-6.jpg 640w\" sizes=\"auto, (max-width: 300px) 100vw, 300px\" \/><\/a><a href=\"http:\/\/www.elsindical.com.ar\/notas\/var\/www\/html\/notas\/wp-content\/uploads\/2016\/05\/Dana-y-Nadia-Bruna-2.jpg\"><img loading=\"lazy\" decoding=\"async\" class=\"alignnone size-medium wp-image-59570\" src=\"http:\/\/www.elsindical.com.ar\/notas\/var\/www\/html\/notas\/wp-content\/uploads\/2016\/05\/Dana-y-Nadia-Bruna-2-300x300.jpg\" alt=\"Dana y Nadia Bruna 2\" width=\"300\" height=\"300\" srcset=\"https:\/\/www.elsindical.com.ar\/notas\/var\/www\/html\/notas\/wp-content\/uploads\/2016\/05\/Dana-y-Nadia-Bruna-2-300x300.jpg 300w, https:\/\/www.elsindical.com.ar\/notas\/var\/www\/html\/notas\/wp-content\/uploads\/2016\/05\/Dana-y-Nadia-Bruna-2-150x150.jpg 150w, https:\/\/www.elsindical.com.ar\/notas\/var\/www\/html\/notas\/wp-content\/uploads\/2016\/05\/Dana-y-Nadia-Bruna-2.jpg 640w\" sizes=\"auto, (max-width: 300px) 100vw, 300px\" \/><\/a><\/p>\n<p><iframe loading=\"lazy\" src=\"https:\/\/www.youtube.com\/embed\/HxhsQu4hamM\" width=\"580\" height=\"420\" frameborder=\"0\" allowfullscreen=\"allowfullscreen\"><\/iframe><\/p>\n","protected":false},"excerpt":{"rendered":"<p>\u00a0 Con mucho entrenamiento y una ayuda de la cirug\u00eda pl\u00e1stica, Dana y Nadia Bruna tienen cuerpos s\u00faper curvil\u00edneos. Mediante videos y fotos que postean en Instagram y Suppe obtienen m\u00e1s de 30 mil d\u00f3lares al mes. Cuando se construy\u00f3 el primer servidor web en 1990, muchos pensaron que Internet iba a terminar siendo un&hellip;<\/p>\n","protected":false},"author":1,"featured_media":0,"comment_status":"open","ping_status":"open","sticky":false,"template":"","format":"standard","meta":{"footnotes":""},"categories":[15],"tags":[1776,23626,123,14336,2605,23627],"class_list":["post-59565","post","type-post","status-publish","format-standard","hentry","category-espectaculos","tag-cuerpos","tag-dana-y-nadia-bruna","tag-dinero","tag-instagram","tag-redes-sociales","tag-suppe"],"_links":{"self":[{"href":"https:\/\/www.elsindical.com.ar\/notas\/wp-json\/wp\/v2\/posts\/59565","targetHints":{"allow":["GET"]}}],"collection":[{"href":"https:\/\/www.elsindical.com.ar\/notas\/wp-json\/wp\/v2\/posts"}],"about":[{"href":"https:\/\/www.elsindical.com.ar\/notas\/wp-json\/wp\/v2\/types\/post"}],"author":[{"embeddable":true,"href":"https:\/\/www.elsindical.com.ar\/notas\/wp-json\/wp\/v2\/users\/1"}],"replies":[{"embeddable":true,"href":"https:\/\/www.elsindical.com.ar\/notas\/wp-json\/wp\/v2\/comments?post=59565"}],"version-history":[{"count":1,"href":"https:\/\/www.elsindical.com.ar\/notas\/wp-json\/wp\/v2\/posts\/59565\/revisions"}],"predecessor-version":[{"id":59576,"href":"https:\/\/www.elsindical.com.ar\/notas\/wp-json\/wp\/v2\/posts\/59565\/revisions\/59576"}],"wp:attachment":[{"href":"https:\/\/www.elsindical.com.ar\/notas\/wp-json\/wp\/v2\/media?parent=59565"}],"wp:term":[{"taxonomy":"category","embeddable":true,"href":"https:\/\/www.elsindical.com.ar\/notas\/wp-json\/wp\/v2\/categories?post=59565"},{"taxonomy":"post_tag","embeddable":true,"href":"https:\/\/www.elsindical.com.ar\/notas\/wp-json\/wp\/v2\/tags?post=59565"}],"curies":[{"name":"wp","href":"https:\/\/api.w.org\/{rel}","templated":true}]}}