{"id":59550,"date":"2016-05-19T01:07:10","date_gmt":"2016-05-19T04:07:10","guid":{"rendered":"http:\/\/www.elsindical.com.ar\/notas\/?p=59550"},"modified":"2016-05-19T01:07:10","modified_gmt":"2016-05-19T04:07:10","slug":"cierran-un-restaurante-por-dia-en-buenos-aires","status":"publish","type":"post","link":"https:\/\/www.elsindical.com.ar\/notas\/cierran-un-restaurante-por-dia-en-buenos-aires\/","title":{"rendered":"Cierran un restaurante por d\u00eda en Buenos Aires"},"content":{"rendered":"<p><em><a href=\"http:\/\/www.elsindical.com.ar\/notas\/var\/www\/html\/notas\/wp-content\/uploads\/2016\/05\/C\u00e1mara-de-Restaurantes.jpg\"><img loading=\"lazy\" decoding=\"async\" class=\"alignnone size-medium wp-image-59551\" src=\"http:\/\/www.elsindical.com.ar\/notas\/var\/www\/html\/notas\/wp-content\/uploads\/2016\/05\/C\u00e1mara-de-Restaurantes-300x217.jpg\" alt=\"C\u00e1mara-de-Restaurantes\" width=\"300\" height=\"217\" srcset=\"https:\/\/www.elsindical.com.ar\/notas\/var\/www\/html\/notas\/wp-content\/uploads\/2016\/05\/C\u00e1mara-de-Restaurantes-300x217.jpg 300w, https:\/\/www.elsindical.com.ar\/notas\/var\/www\/html\/notas\/wp-content\/uploads\/2016\/05\/C\u00e1mara-de-Restaurantes-415x300.jpg 415w, https:\/\/www.elsindical.com.ar\/notas\/var\/www\/html\/notas\/wp-content\/uploads\/2016\/05\/C\u00e1mara-de-Restaurantes.jpg 620w\" sizes=\"auto, (max-width: 300px) 100vw, 300px\" \/><\/a>\u00a0 As\u00ed lo expres\u00f3 Ver\u00f3nica S\u00e1nchez, presidenta de la C\u00e1mara de Restaurantes, quien afirm\u00f3 tambi\u00e9n que \u00abla gente lo primero que hace es recortar gastos superfluos\u00bb.<\/em><\/p>\n<p>\u00abLa situaci\u00f3n de los establecimientos gastron\u00f3micos es muy preocupante. Hay una ca\u00edda estrepitosa del consumo que empez\u00f3 en el 2009 pero se evidenci\u00f3 a\u00fan m\u00e1s en el \u00faltimo a\u00f1o. Cada uno de nosotros lo que hace es recortar gastos que tienen que ver con el esparcimiento\u00bb, explic\u00f3<\/p>\n<p>Durante la entrevista, S\u00e1nchez sostuvo que los negocios de comida actualmente dan p\u00e9rdidas. \u00abSe ve con los cierres de establecimientos\u00bb, remarc\u00f3.<\/p>\n<p>Por los aumentos a los servicios p\u00fablicos y la inflaci\u00f3n, S\u00e1nchez tambi\u00e9n detall\u00f3 que \u00abcierra un establecimiento gastron\u00f3mico por d\u00eda en la Ciudad de Buenos Aires\u00bb<\/p>\n","protected":false},"excerpt":{"rendered":"<p>\u00a0 As\u00ed lo expres\u00f3 Ver\u00f3nica S\u00e1nchez, presidenta de la C\u00e1mara de Restaurantes, quien afirm\u00f3 tambi\u00e9n que \u00abla gente lo primero que hace es recortar gastos superfluos\u00bb. \u00abLa situaci\u00f3n de los establecimientos gastron\u00f3micos es muy preocupante. Hay una ca\u00edda estrepitosa del consumo que empez\u00f3 en el 2009 pero se evidenci\u00f3 a\u00fan m\u00e1s en el \u00faltimo a\u00f1o.&hellip;<\/p>\n","protected":false},"author":1,"featured_media":0,"comment_status":"open","ping_status":"open","sticky":false,"template":"","format":"standard","meta":{"footnotes":""},"categories":[9],"tags":[23620,23622,23621],"class_list":["post-59550","post","type-post","status-publish","format-standard","hentry","category-economia","tag-camara-de-restaurantes","tag-cierre-de-establecimientos","tag-veronica-sanchez"],"_links":{"self":[{"href":"https:\/\/www.elsindical.com.ar\/notas\/wp-json\/wp\/v2\/posts\/59550","targetHints":{"allow":["GET"]}}],"collection":[{"href":"https:\/\/www.elsindical.com.ar\/notas\/wp-json\/wp\/v2\/posts"}],"about":[{"href":"https:\/\/www.elsindical.com.ar\/notas\/wp-json\/wp\/v2\/types\/post"}],"author":[{"embeddable":true,"href":"https:\/\/www.elsindical.com.ar\/notas\/wp-json\/wp\/v2\/users\/1"}],"replies":[{"embeddable":true,"href":"https:\/\/www.elsindical.com.ar\/notas\/wp-json\/wp\/v2\/comments?post=59550"}],"version-history":[{"count":1,"href":"https:\/\/www.elsindical.com.ar\/notas\/wp-json\/wp\/v2\/posts\/59550\/revisions"}],"predecessor-version":[{"id":59552,"href":"https:\/\/www.elsindical.com.ar\/notas\/wp-json\/wp\/v2\/posts\/59550\/revisions\/59552"}],"wp:attachment":[{"href":"https:\/\/www.elsindical.com.ar\/notas\/wp-json\/wp\/v2\/media?parent=59550"}],"wp:term":[{"taxonomy":"category","embeddable":true,"href":"https:\/\/www.elsindical.com.ar\/notas\/wp-json\/wp\/v2\/categories?post=59550"},{"taxonomy":"post_tag","embeddable":true,"href":"https:\/\/www.elsindical.com.ar\/notas\/wp-json\/wp\/v2\/tags?post=59550"}],"curies":[{"name":"wp","href":"https:\/\/api.w.org\/{rel}","templated":true}]}}