{"id":59497,"date":"2016-05-16T20:38:01","date_gmt":"2016-05-16T23:38:01","guid":{"rendered":"http:\/\/www.elsindical.com.ar\/notas\/?p=59497"},"modified":"2016-05-16T20:38:01","modified_gmt":"2016-05-16T23:38:01","slug":"avellaneda-fue-un-adelanto-de-nuestro-medio-se-rompio-el-pro-local","status":"publish","type":"post","link":"https:\/\/www.elsindical.com.ar\/notas\/avellaneda-fue-un-adelanto-de-nuestro-medio-se-rompio-el-pro-local\/","title":{"rendered":"Avellaneda: Fue un adelanto de nuestro medio, se rompi\u00f3 el PRO local"},"content":{"rendered":"<p><a href=\"http:\/\/www.elsindical.com.ar\/notas\/var\/www\/html\/notas\/wp-content\/uploads\/2016\/05\/PRO-Avellaneda-2.jpg\"><img loading=\"lazy\" decoding=\"async\" class=\"alignnone size-medium wp-image-59498\" src=\"http:\/\/www.elsindical.com.ar\/notas\/var\/www\/html\/notas\/wp-content\/uploads\/2016\/05\/PRO-Avellaneda-2-300x178.jpg\" alt=\"PRO Avellaneda 2\" width=\"300\" height=\"178\" srcset=\"https:\/\/www.elsindical.com.ar\/notas\/var\/www\/html\/notas\/wp-content\/uploads\/2016\/05\/PRO-Avellaneda-2-300x178.jpg 300w, https:\/\/www.elsindical.com.ar\/notas\/var\/www\/html\/notas\/wp-content\/uploads\/2016\/05\/PRO-Avellaneda-2.jpg 500w\" sizes=\"auto, (max-width: 300px) 100vw, 300px\" \/><\/a>\u00a0 Desde El Sindical, hab\u00edamos adelantado que a pesar de las desmentidas de los concejales del PRO de Avellaneda, el bloque tal como hab\u00eda quedado conformado luego de las elecciones se rompi\u00f3 y ahora el HCD de Avellaneda, tiene dos bloques bien diferenciados, por n lado los que responden por conveniencia a la legisladora y candidata a intendente derrotada Gladys Gonz\u00e1lez y por el otro el concejal Daniel Garc\u00eda.<\/p>\n<p>Luego de nuestro anuncio varios medios entrevistaron a los involucrados en la interna del PRO y estos desmintieron que se fuera a romper el bloque, el propio Garc\u00eda asegur\u00f3 que no iba a renunciar a pesar de las marcadas diferencias, pero en la \u00faltima sesi\u00f3n, se present\u00f3 formalmente la nueva conformaci\u00f3n del bloque PRO al que denominaron \u00abPRO Cambiemos Avellaneda\u00bb, compuesto por Sebasti\u00e1n Vinagre como presidente del bloque, junto a los concejales Diego A. Malito y Daniel Lewicki, quedando Daniel Garc\u00eda en un bloque unipersonal al que se denomina PRO.<\/p>\n<p>Las diferencias sustanciales radican en que desde la \u00f3ptica de Daniel Garc\u00eda, su oposici\u00f3n es de di\u00e1logo sin poner \u00abpalos en la rueda\u00bb, mientras que Vinagre y compa\u00f1\u00eda piensan hacerlo de una forma m\u00e1s belicosa, para \u00abmarcarle la cancha\u00bb al intendente Jorge Ferraresi.<\/p>\n<p><a href=\"http:\/\/www.elsindical.com.ar\/notas\/var\/www\/html\/notas\/wp-content\/uploads\/2016\/05\/pedido-HCD-nuevo-bloque-PRO.jpg\"><img loading=\"lazy\" decoding=\"async\" class=\"alignnone size-medium wp-image-59499\" src=\"http:\/\/www.elsindical.com.ar\/notas\/var\/www\/html\/notas\/wp-content\/uploads\/2016\/05\/pedido-HCD-nuevo-bloque-PRO-283x300.jpg\" alt=\"pedido HCD nuevo bloque PRO\" width=\"283\" height=\"300\" srcset=\"https:\/\/www.elsindical.com.ar\/notas\/var\/www\/html\/notas\/wp-content\/uploads\/2016\/05\/pedido-HCD-nuevo-bloque-PRO-283x300.jpg 283w, https:\/\/www.elsindical.com.ar\/notas\/var\/www\/html\/notas\/wp-content\/uploads\/2016\/05\/pedido-HCD-nuevo-bloque-PRO-768x814.jpg 768w, https:\/\/www.elsindical.com.ar\/notas\/var\/www\/html\/notas\/wp-content\/uploads\/2016\/05\/pedido-HCD-nuevo-bloque-PRO.jpg 918w\" sizes=\"auto, (max-width: 283px) 100vw, 283px\" \/><\/a><\/p>\n<p>&nbsp;<\/p>\n","protected":false},"excerpt":{"rendered":"<p>\u00a0 Desde El Sindical, hab\u00edamos adelantado que a pesar de las desmentidas de los concejales del PRO de Avellaneda, el bloque tal como hab\u00eda quedado conformado luego de las elecciones se rompi\u00f3 y ahora el HCD de Avellaneda, tiene dos bloques bien diferenciados, por n lado los que responden por conveniencia a la legisladora y&hellip;<\/p>\n","protected":false},"author":1,"featured_media":0,"comment_status":"open","ping_status":"open","sticky":false,"template":"","format":"standard","meta":{"footnotes":""},"categories":[13],"tags":[3516,20450,23608,1062,328,459],"class_list":["post-59497","post","type-post","status-publish","format-standard","hentry","category-politica","tag-daniel-garcia","tag-daniel-lewicki","tag-diego-a-malito","tag-jorge-ferraresi","tag-pro","tag-sebastian-vinagre"],"_links":{"self":[{"href":"https:\/\/www.elsindical.com.ar\/notas\/wp-json\/wp\/v2\/posts\/59497","targetHints":{"allow":["GET"]}}],"collection":[{"href":"https:\/\/www.elsindical.com.ar\/notas\/wp-json\/wp\/v2\/posts"}],"about":[{"href":"https:\/\/www.elsindical.com.ar\/notas\/wp-json\/wp\/v2\/types\/post"}],"author":[{"embeddable":true,"href":"https:\/\/www.elsindical.com.ar\/notas\/wp-json\/wp\/v2\/users\/1"}],"replies":[{"embeddable":true,"href":"https:\/\/www.elsindical.com.ar\/notas\/wp-json\/wp\/v2\/comments?post=59497"}],"version-history":[{"count":1,"href":"https:\/\/www.elsindical.com.ar\/notas\/wp-json\/wp\/v2\/posts\/59497\/revisions"}],"predecessor-version":[{"id":59500,"href":"https:\/\/www.elsindical.com.ar\/notas\/wp-json\/wp\/v2\/posts\/59497\/revisions\/59500"}],"wp:attachment":[{"href":"https:\/\/www.elsindical.com.ar\/notas\/wp-json\/wp\/v2\/media?parent=59497"}],"wp:term":[{"taxonomy":"category","embeddable":true,"href":"https:\/\/www.elsindical.com.ar\/notas\/wp-json\/wp\/v2\/categories?post=59497"},{"taxonomy":"post_tag","embeddable":true,"href":"https:\/\/www.elsindical.com.ar\/notas\/wp-json\/wp\/v2\/tags?post=59497"}],"curies":[{"name":"wp","href":"https:\/\/api.w.org\/{rel}","templated":true}]}}