{"id":59494,"date":"2016-05-16T19:57:11","date_gmt":"2016-05-16T22:57:11","guid":{"rendered":"http:\/\/www.elsindical.com.ar\/notas\/?p=59494"},"modified":"2016-05-16T19:57:11","modified_gmt":"2016-05-16T22:57:11","slug":"chile-violo-a-su-mujer-la-golpeo-y-le-saco-los-ojos-continua-en-libertad","status":"publish","type":"post","link":"https:\/\/www.elsindical.com.ar\/notas\/chile-violo-a-su-mujer-la-golpeo-y-le-saco-los-ojos-continua-en-libertad\/","title":{"rendered":"Chile: Viol\u00f3 a su mujer, la golpe\u00f3 y le sac\u00f3 los ojos, contin\u00faa en libertad"},"content":{"rendered":"<p><em><a href=\"http:\/\/www.elsindical.com.ar\/notas\/var\/www\/html\/notas\/wp-content\/uploads\/2016\/05\/Nabila-Meliza-Rifo-Ruiz.jpg\"><img loading=\"lazy\" decoding=\"async\" class=\"alignnone size-medium wp-image-59495\" src=\"http:\/\/www.elsindical.com.ar\/notas\/var\/www\/html\/notas\/wp-content\/uploads\/2016\/05\/Nabila-Meliza-Rifo-Ruiz-296x300.jpg\" alt=\"Nabila-Meliza-Rifo-Ruiz\" width=\"296\" height=\"300\" srcset=\"https:\/\/www.elsindical.com.ar\/notas\/var\/www\/html\/notas\/wp-content\/uploads\/2016\/05\/Nabila-Meliza-Rifo-Ruiz-296x300.jpg 296w, https:\/\/www.elsindical.com.ar\/notas\/var\/www\/html\/notas\/wp-content\/uploads\/2016\/05\/Nabila-Meliza-Rifo-Ruiz.jpg 620w\" sizes=\"auto, (max-width: 296px) 100vw, 296px\" \/><\/a>\u00a0 El conmocionante caso se registr\u00f3 en\u00a0Chile. Una joven fue encontrada en plena v\u00eda publica con\u00a0p\u00e9rdida de conocimiento\u00a0y evidentes signos de agresi\u00f3n f\u00edsica. Adem\u00e1s, ten\u00eda sangrado anal producto de la salvaje vejaci\u00f3n.<\/em><\/p>\n<p>En un bestial hecho de violencia de g\u00e9nero, registrado en la ma\u00f1ana del \u00faltimo s\u00e1bado en Coyhaique,\u00a0capital de la Regi\u00f3n de Ays\u00e9n,\u00a0Chile,\u00a0un hombre le arranc\u00f3 los ojos a su mujer y la golpe\u00f3 hasta destrozarle\u00a0casi todos sus dientes, luego de violarla salvajemente.<\/p>\n<p>La v\u00edctima\u00a0fue identificada como <strong>Nabila\u00a0Meliza Rifo Ruiz<\/strong>,\u00a0de 28 a\u00f1os, quien\u00a0vive a tres cuadras del lugar donde fue atacada, junto a su madre, tres hermanos y sus cuatro hijos (de 3, 4, 10 y 12 a\u00f1os). Seg\u00fan algunos vecinos, la damnificada\u00a0se desempe\u00f1a como\u00a0mesera en un popular restaurante de la ciudad.<\/p>\n<p>En tanto, tras su hallazgo en plena v\u00eda p\u00fablica\u00a0fue llevada inconsciente al <strong>Hospital Regional<\/strong>\u00a0de esa ciudad, por Carabineros quienes\u00a0junto a ella, encontraron las llaves de un veh\u00edculo, elemento que\u00a0forma parte de la investigaci\u00f3n que encabeza el fiscal <strong>Luis Gonz\u00e1lez<\/strong>.<\/p>\n<p>En cuanto al estado\u00a0de su salud,\u00a0los m\u00e9dicos aseguraron que <em>\u00abno hay nada que hacer respecto a la p\u00e9rdida de sus ojos\u00bb<\/em>. Seg\u00fan relata el m\u00e9dico\u00a0<strong>Felipe Silva<\/strong>, la v\u00edctima fue ingresada con compromiso de conciencia, signos de hipotermia y m\u00faltiples golpes.<\/p>\n<p><em>\u00abLa mujer fue recibida con trauma\u00a0craneano, facial y signos de sangrado rectal. Adem\u00e1s con una enucleaci\u00f3n de ambos globos oculares, es decir, que fueron retirados. Posteriormente encontrado\u00a0uno de ellos\u00bb<\/em>, se\u00f1al\u00f3 el especialista citado.<\/p>\n<p>Tras el ataque, permanece internada\u00a0y estable dentro de su gravedad, en la Unidad de Cuidados Intensivos del mencionado nosocomio,\u00a0donde est\u00e1 conectada a un respirador artificial. Actualmente esta sometida a una intervenci\u00f3n facial, y desde el hospital se ha descartado la p\u00e9rdida de masa encef\u00e1lica. Adem\u00e1s,\u00a0fue tratada por un especialista maxilofacial y ginec\u00f3logos.<\/p>\n<p>Luego de ser publicada la noticia\u00a0por los medios locales,\u00a0miles de chilenos salieron a manifestarse\u00a0por la violencia contra la mujer en la citada ciudad y tamb\u00eden en el resto del pa\u00eds.<\/p>\n<p><u><strong>Investigaci\u00f3n<\/strong><\/u><\/p>\n<p>En cuanto a la investigaci\u00f3n del caso, el capit\u00e1n <strong>Luis Rebolledo<\/strong> del Labocar regional, indic\u00f3 la existencia de testigos. <em>\u00abHay personas que escucharon gritos y vieron a un hombre que agred\u00eda a esta persona, quien r\u00e1pidamente se dio a la fuga\u00bb<\/em>.<\/p>\n<p>Al respecto, Gonz\u00e1lez ha instru\u00eddo a personal del SIP y Labocar para\u00a0realizar diferentes diligencias con el fin de atrapar al agresor. Ante estas tareas, dos sujetos fueron interrogados e indicados como supuestos autores del terrible hecho.<\/p>\n<p>Se trata de <strong>Mauricio Ortega,<\/strong>\u00a0la ex pareja de la v\u00edctima y un amigo de este, quienes hasta el momento permanecen en libertad. El \u00faltimo de estos hombres presenta antecedentes de denuncias\u00a0por violencia familiar en su contra.<\/p>\n","protected":false},"excerpt":{"rendered":"<p>\u00a0 El conmocionante caso se registr\u00f3 en\u00a0Chile. Una joven fue encontrada en plena v\u00eda publica con\u00a0p\u00e9rdida de conocimiento\u00a0y evidentes signos de agresi\u00f3n f\u00edsica. Adem\u00e1s, ten\u00eda sangrado anal producto de la salvaje vejaci\u00f3n. En un bestial hecho de violencia de g\u00e9nero, registrado en la ma\u00f1ana del \u00faltimo s\u00e1bado en Coyhaique,\u00a0capital de la Regi\u00f3n de Ays\u00e9n,\u00a0Chile,\u00a0un hombre&hellip;<\/p>\n","protected":false},"author":1,"featured_media":0,"comment_status":"open","ping_status":"open","sticky":false,"template":"","format":"standard","meta":{"footnotes":""},"categories":[18],"tags":[1200,23604,23607,23603,23605,23606,271],"class_list":["post-59494","post","type-post","status-publish","format-standard","hentry","category-internacionales","tag-chile","tag-coyhaique","tag-globos-oculares","tag-nabila-meliza-rifo-ruiz","tag-region-de-aysen","tag-sangrado-anal","tag-violacion"],"_links":{"self":[{"href":"https:\/\/www.elsindical.com.ar\/notas\/wp-json\/wp\/v2\/posts\/59494","targetHints":{"allow":["GET"]}}],"collection":[{"href":"https:\/\/www.elsindical.com.ar\/notas\/wp-json\/wp\/v2\/posts"}],"about":[{"href":"https:\/\/www.elsindical.com.ar\/notas\/wp-json\/wp\/v2\/types\/post"}],"author":[{"embeddable":true,"href":"https:\/\/www.elsindical.com.ar\/notas\/wp-json\/wp\/v2\/users\/1"}],"replies":[{"embeddable":true,"href":"https:\/\/www.elsindical.com.ar\/notas\/wp-json\/wp\/v2\/comments?post=59494"}],"version-history":[{"count":1,"href":"https:\/\/www.elsindical.com.ar\/notas\/wp-json\/wp\/v2\/posts\/59494\/revisions"}],"predecessor-version":[{"id":59496,"href":"https:\/\/www.elsindical.com.ar\/notas\/wp-json\/wp\/v2\/posts\/59494\/revisions\/59496"}],"wp:attachment":[{"href":"https:\/\/www.elsindical.com.ar\/notas\/wp-json\/wp\/v2\/media?parent=59494"}],"wp:term":[{"taxonomy":"category","embeddable":true,"href":"https:\/\/www.elsindical.com.ar\/notas\/wp-json\/wp\/v2\/categories?post=59494"},{"taxonomy":"post_tag","embeddable":true,"href":"https:\/\/www.elsindical.com.ar\/notas\/wp-json\/wp\/v2\/tags?post=59494"}],"curies":[{"name":"wp","href":"https:\/\/api.w.org\/{rel}","templated":true}]}}