{"id":59485,"date":"2016-05-16T13:25:39","date_gmt":"2016-05-16T16:25:39","guid":{"rendered":"http:\/\/www.elsindical.com.ar\/notas\/?p=59485"},"modified":"2016-05-16T13:25:39","modified_gmt":"2016-05-16T16:25:39","slug":"la-rioja-un-intendente-que-manejaba-borracho-fue-detenido-me-estoy-curando-con-alcohol-la-muela","status":"publish","type":"post","link":"https:\/\/www.elsindical.com.ar\/notas\/la-rioja-un-intendente-que-manejaba-borracho-fue-detenido-me-estoy-curando-con-alcohol-la-muela\/","title":{"rendered":"La Rioja: Un intendente que manejaba borracho fue detenido: \u00abMe estoy curando con alcohol la muela\u00bb"},"content":{"rendered":"<p><em><a href=\"http:\/\/www.elsindical.com.ar\/notas\/var\/www\/html\/notas\/wp-content\/uploads\/2016\/05\/intendente-Daniel-El\u00edas.jpg\"><img loading=\"lazy\" decoding=\"async\" class=\"alignnone size-medium wp-image-59487\" src=\"http:\/\/www.elsindical.com.ar\/notas\/var\/www\/html\/notas\/wp-content\/uploads\/2016\/05\/intendente-Daniel-El\u00edas-300x202.jpg\" alt=\"intendente-Daniel-El\u00edas\" width=\"300\" height=\"202\" srcset=\"https:\/\/www.elsindical.com.ar\/notas\/var\/www\/html\/notas\/wp-content\/uploads\/2016\/05\/intendente-Daniel-El\u00edas-300x202.jpg 300w, https:\/\/www.elsindical.com.ar\/notas\/var\/www\/html\/notas\/wp-content\/uploads\/2016\/05\/intendente-Daniel-El\u00edas-445x300.jpg 445w, https:\/\/www.elsindical.com.ar\/notas\/var\/www\/html\/notas\/wp-content\/uploads\/2016\/05\/intendente-Daniel-El\u00edas.jpg 531w\" sizes=\"auto, (max-width: 300px) 100vw, 300px\" \/><\/a>\u00a0 Daniel El\u00edas, jefe comunal de la localidad riojana de Chamical, se neg\u00f3 a hacer el test de alcoholemia y amenaz\u00f3 al agente de tr\u00e1nsito con \u00abllamar al gobernador\u00bb. Fue liberado horas m\u00e1s tarde.<\/em><\/p>\n<div>\u00abVos no pod\u00e9s pasar sobre mi autoridad, hermano. No me pod\u00e9s hacer pasar verg\u00fcenza en toda la provincia por ser un agente\u00bb. El que habla es el intendente de la localidad de Chamical, Daniel El\u00edas, y se dirige al <b>oficial que lo detuvo cuando circulaba por la ruta 38 a fines de realizarle un test de alcoholemia<\/b>.<\/div>\n<div><\/div>\n<div>El domingo a la ma\u00f1ana el jefe comunal volv\u00eda de una fiesta a bordo de una Toyota Hilux cuando fue interceptado por el control policial. Seg\u00fan trascendi\u00f3, al principio el jefe comunal intent\u00f3 eludirlo y, una vez detenido, se neg\u00f3 a soplar la boquilla que mide gramos de alcohol por litros de sangre.<\/div>\n<div><\/div>\n<div>\n<div><b>\u00abVoy a llamar al gobernador para ver qu\u00e9 hacemos con vos\u00bb<\/b>, amenaz\u00f3 El\u00edas al agente, tel\u00e9fono en mano, al tiempo que le exigi\u00f3 su apellido. \u00abEsto no es un control. Es mala leche con la gente de la provincia de La Rioja\u00bb, lo increp\u00f3. Y le cuestion\u00f3 que el puesto estuviera ubicado \u00aba 40 metros\u00bb del local del cual ven\u00eda: \u00abVos sab\u00e9s que ah\u00ed hay un sal\u00f3n de fiestas y hay gente que est\u00e1 festejando\u00bb.<\/div>\n<div><\/div>\n<div>Cuando a partir de su aliento et\u00edlico se lo acus\u00f3 de estar ebrio, El\u00edas lo neg\u00f3 y se defendi\u00f3: <b>\u00abMe estoy curando una muela con alcohol\u00bb<\/b>. <b>\u00abSoy intendente. La primera autoridad de mi departamento\u00bb<\/b>, dijo prepotente frente al oficial, sin saber que sus ins\u00f3litas declaraciones estaban siendo registradas en un video que se viralizar\u00eda r\u00e1pidamente a trav\u00e9s de las redes sociales.<\/div>\n<\/div>\n<div><\/div>\n<div>\n<div>El intendente, quien responde al partido Acci\u00f3n Riojana y est\u00e1 cumpliendo su segundo mandato, contaba adem\u00e1s con un registro de conducir vencido desde el ocho de mayo. Seg\u00fan indic\u00f3 el portal <i>Rioja Virtual<\/i>, <b>ras haberse negado al control, cay\u00f3 detenido y horas m\u00e1s tarde recuper\u00f3 la libertad <\/b>luego de que un m\u00e9dico se acercara a la Direcci\u00f3n de Investigaciones con un certificado que alegaba \u00abproblemas de salud\u00bb.<\/div>\n<div><\/div>\n<div>\n<div>El decreto provincial 840, firmado el a\u00f1o pasado, establece hasta \u00abtreinta (30) d\u00edas de arresto y multa al que condujere veh\u00edculos de cualquier tipo o especia en la v\u00eda p\u00fablica, en estado de ebriedad, que supere los 200 miligramos de alcohol por litro de sangre, o bajo efecto de estupefacientes\u00bb.<\/div>\n<div><\/div>\n<div>Esta ma\u00f1ana <b>el caso lleg\u00f3 a los o\u00eddos del gobernador de La Rioja, Sergio Casa<\/b>s, quien afirm\u00f3 que la norma \u00abes de cumplimiento para todos y sin excepci\u00f3n. Est\u00e1 hecha para cuidar y proteger la vida\u00bb. \u00abNo voy a analizar cuestiones personales. Lo importante es que es de cumplimiento para todas las personas\u00bb, a\u00f1adi\u00f3 en declaraciones radiales.<\/div>\n<\/div>\n<\/div>\n<div><\/div>\n<div><a href=\"http:\/\/www.elsindical.com.ar\/notas\/var\/www\/html\/notas\/wp-content\/uploads\/2016\/05\/registro-conducir-intendente-vencido.jpg\"><img loading=\"lazy\" decoding=\"async\" class=\"alignnone size-medium wp-image-59486\" src=\"http:\/\/www.elsindical.com.ar\/notas\/var\/www\/html\/notas\/wp-content\/uploads\/2016\/05\/registro-conducir-intendente-vencido-180x300.jpg\" alt=\"registro-conducir-intendente-vencido\" width=\"180\" height=\"300\" srcset=\"https:\/\/www.elsindical.com.ar\/notas\/var\/www\/html\/notas\/wp-content\/uploads\/2016\/05\/registro-conducir-intendente-vencido-180x300.jpg 180w, https:\/\/www.elsindical.com.ar\/notas\/var\/www\/html\/notas\/wp-content\/uploads\/2016\/05\/registro-conducir-intendente-vencido-613x1024.jpg 613w, https:\/\/www.elsindical.com.ar\/notas\/var\/www\/html\/notas\/wp-content\/uploads\/2016\/05\/registro-conducir-intendente-vencido.jpg 620w\" sizes=\"auto, (max-width: 180px) 100vw, 180px\" \/><\/a><\/div>\n<div><\/div>\n<div><\/div>\n","protected":false},"excerpt":{"rendered":"<p>\u00a0 Daniel El\u00edas, jefe comunal de la localidad riojana de Chamical, se neg\u00f3 a hacer el test de alcoholemia y amenaz\u00f3 al agente de tr\u00e1nsito con \u00abllamar al gobernador\u00bb. Fue liberado horas m\u00e1s tarde. \u00abVos no pod\u00e9s pasar sobre mi autoridad, hermano. No me pod\u00e9s hacer pasar verg\u00fcenza en toda la provincia por ser un&hellip;<\/p>\n","protected":false},"author":1,"featured_media":0,"comment_status":"open","ping_status":"open","sticky":false,"template":"","format":"standard","meta":{"footnotes":""},"categories":[22],"tags":[23602,9184,23601,2754],"class_list":["post-59485","post","type-post","status-publish","format-standard","hentry","category-policiales","tag-chamical","tag-control-policial","tag-intendente-daniel-elias","tag-la-rioja"],"_links":{"self":[{"href":"https:\/\/www.elsindical.com.ar\/notas\/wp-json\/wp\/v2\/posts\/59485","targetHints":{"allow":["GET"]}}],"collection":[{"href":"https:\/\/www.elsindical.com.ar\/notas\/wp-json\/wp\/v2\/posts"}],"about":[{"href":"https:\/\/www.elsindical.com.ar\/notas\/wp-json\/wp\/v2\/types\/post"}],"author":[{"embeddable":true,"href":"https:\/\/www.elsindical.com.ar\/notas\/wp-json\/wp\/v2\/users\/1"}],"replies":[{"embeddable":true,"href":"https:\/\/www.elsindical.com.ar\/notas\/wp-json\/wp\/v2\/comments?post=59485"}],"version-history":[{"count":1,"href":"https:\/\/www.elsindical.com.ar\/notas\/wp-json\/wp\/v2\/posts\/59485\/revisions"}],"predecessor-version":[{"id":59488,"href":"https:\/\/www.elsindical.com.ar\/notas\/wp-json\/wp\/v2\/posts\/59485\/revisions\/59488"}],"wp:attachment":[{"href":"https:\/\/www.elsindical.com.ar\/notas\/wp-json\/wp\/v2\/media?parent=59485"}],"wp:term":[{"taxonomy":"category","embeddable":true,"href":"https:\/\/www.elsindical.com.ar\/notas\/wp-json\/wp\/v2\/categories?post=59485"},{"taxonomy":"post_tag","embeddable":true,"href":"https:\/\/www.elsindical.com.ar\/notas\/wp-json\/wp\/v2\/tags?post=59485"}],"curies":[{"name":"wp","href":"https:\/\/api.w.org\/{rel}","templated":true}]}}