{"id":59468,"date":"2016-05-16T11:53:12","date_gmt":"2016-05-16T14:53:12","guid":{"rendered":"http:\/\/www.elsindical.com.ar\/notas\/?p=59468"},"modified":"2016-05-16T11:53:12","modified_gmt":"2016-05-16T14:53:12","slug":"desde-manana-el-kilo-de-pan-costara-40-en-provincia","status":"publish","type":"post","link":"https:\/\/www.elsindical.com.ar\/notas\/desde-manana-el-kilo-de-pan-costara-40-en-provincia\/","title":{"rendered":"Desde ma\u00f1ana, el kilo de pan costar\u00e1 $40 en Provincia"},"content":{"rendered":"<p><em>\u00a0<a href=\"http:\/\/www.elsindical.com.ar\/notas\/var\/www\/html\/notas\/wp-content\/uploads\/2015\/03\/panaderos.jpg\"><img loading=\"lazy\" decoding=\"async\" class=\"alignnone size-medium wp-image-49453\" src=\"http:\/\/www.elsindical.com.ar\/notas\/var\/www\/html\/notas\/wp-content\/uploads\/2015\/03\/panaderos-300x209.jpg\" alt=\"panaderos\" width=\"300\" height=\"209\" srcset=\"https:\/\/www.elsindical.com.ar\/notas\/var\/www\/html\/notas\/wp-content\/uploads\/2015\/03\/panaderos-300x209.jpg 300w, https:\/\/www.elsindical.com.ar\/notas\/var\/www\/html\/notas\/wp-content\/uploads\/2015\/03\/panaderos-431x300.jpg 431w, https:\/\/www.elsindical.com.ar\/notas\/var\/www\/html\/notas\/wp-content\/uploads\/2015\/03\/panaderos.jpg 531w\" sizes=\"auto, (max-width: 300px) 100vw, 300px\" \/><\/a>\u00a0 Actualmente se vende a $ 32. El incremento se har\u00e1 extensivo a todo el pa\u00eds desde la semana que viene.<\/em><\/p>\n<p>El kilo de pan, uno de los alimentos m\u00e1s consumidos por los argentinos, subir\u00e1 ma\u00f1ana de 32 40 pesos en el sur de la provincia de Buenos Aires y la semana que viene el producto llegar\u00e1 a ese valor en todo el territorio provincial.<\/p>\n<p>As\u00ed lo confirm\u00f3 este lunes a NA el presidente de la Federaci\u00f3n Industrial Panaderil de la Provincia de Buenos Aires (FIP), Emilio Majori, quien adjudic\u00f3 el incremento de precios al impacto de la suba de tarifas en los costos de producci\u00f3n.<\/p>\n<p>Majori asegur\u00f3 que esta suba del 25 por ciento ser\u00e1 aplicada en forma \u00abpreliminar\u00bb dado que a\u00fan no termin\u00f3 el an\u00e1lisis del impacto total de la suba de la energ\u00eda el\u00e9ctrica, el gas por red y el agua potable.<\/p>\n<p>\u00abLas boletas de agua vinieron con incrementos de hasta el 700 por ciento en algunos establecimientos y ese es un producto clave para nosotros. Est\u00e1 bien que aumenten los servicios, pero no de esta manera\u00bb, dijo Majori a NA.<\/p>\n<p>La problem\u00e1tica de este sector industrial es la misma que est\u00e1n enfrentando la mayor\u00eda de los rubros fabriles: aumento en los costos de producci\u00f3n por suba de salarios y tarifas mientras se deprime el consumo.<\/p>\n<p>\u00abNuestros problemas son los mismos que los del conjunto de la sociedad: el aumento en servicios significa una suba sustancial en la materia prima de nuestro sector\u00bb, dijo el referente de los panaderos bonaerenses.<\/p>\n<p>El precio sugerido de la FIP para el kilo de pan en la provincia es de 32 pesos, pero este martes ascender\u00e1 a 40 pesos en el sur bonaerense y el pr\u00f3ximo lunes 23 alcanzar\u00e1 ese nivel en todo el territorio provincial.<\/p>\n<p>La dispersi\u00f3n de precios har\u00e1 que el impacto del aumento del 25% sea diverso en las regiones de la provincia dado que en el interior se paga el kilo de pan entre 28 y 32 pesos y en el Conurbano ya alcanz\u00f3 los 36 pesos.<\/p>\n<p>Majori dijo que el incremento fue decidido tras el \u00abtarifazo\u00bb y la entrada en vigencia del acuerdo paritario 2016, en el que el sector cerr\u00f3 un alza salarial del 35 por ciento escalonado en tres cuotas.<\/p>\n<p>El industrial consider\u00f3 que \u00abest\u00e1 bien\u00bb que el Gobierno aumente el costo de los servicios p\u00fablicos para poder mejorarlos, peroestim\u00f3 que ning\u00fan sector puede absorber alzas del 600 o 700 por ciento como los registrados en energ\u00eda el\u00e9ctrica y agua, respectivamente.<\/p>\n<p>Ante la consulta sobre si el aumento de precio de esta semana ser\u00e1 el \u00faltimo del a\u00f1o, Majori respondi\u00f3: \u00abNo, no, por supuesto que no. Hay que ver los ajustes finales de las tarifas en 2016. Esto es preliminar\u00bb.<\/p>\n<p>El sector est\u00e1 trabajando con la Secretar\u00eda de Comercio de la Naci\u00f3n, que conduce Miguel Braun, para establecer un \u00abprecio cuidado\u00bb del pan, aunque a\u00fan no fue definido cu\u00e1l ser\u00e1 el valor de oferta.<\/p>\n","protected":false},"excerpt":{"rendered":"<p>\u00a0\u00a0 Actualmente se vende a $ 32. El incremento se har\u00e1 extensivo a todo el pa\u00eds desde la semana que viene. El kilo de pan, uno de los alimentos m\u00e1s consumidos por los argentinos, subir\u00e1 ma\u00f1ana de 32 40 pesos en el sur de la provincia de Buenos Aires y la semana que viene el&hellip;<\/p>\n","protected":false},"author":1,"featured_media":0,"comment_status":"open","ping_status":"open","sticky":false,"template":"","format":"standard","meta":{"footnotes":""},"categories":[9],"tags":[357,16210,4741],"class_list":["post-59468","post","type-post","status-publish","format-standard","hentry","category-economia","tag-aumento","tag-pan","tag-precio"],"_links":{"self":[{"href":"https:\/\/www.elsindical.com.ar\/notas\/wp-json\/wp\/v2\/posts\/59468","targetHints":{"allow":["GET"]}}],"collection":[{"href":"https:\/\/www.elsindical.com.ar\/notas\/wp-json\/wp\/v2\/posts"}],"about":[{"href":"https:\/\/www.elsindical.com.ar\/notas\/wp-json\/wp\/v2\/types\/post"}],"author":[{"embeddable":true,"href":"https:\/\/www.elsindical.com.ar\/notas\/wp-json\/wp\/v2\/users\/1"}],"replies":[{"embeddable":true,"href":"https:\/\/www.elsindical.com.ar\/notas\/wp-json\/wp\/v2\/comments?post=59468"}],"version-history":[{"count":1,"href":"https:\/\/www.elsindical.com.ar\/notas\/wp-json\/wp\/v2\/posts\/59468\/revisions"}],"predecessor-version":[{"id":59469,"href":"https:\/\/www.elsindical.com.ar\/notas\/wp-json\/wp\/v2\/posts\/59468\/revisions\/59469"}],"wp:attachment":[{"href":"https:\/\/www.elsindical.com.ar\/notas\/wp-json\/wp\/v2\/media?parent=59468"}],"wp:term":[{"taxonomy":"category","embeddable":true,"href":"https:\/\/www.elsindical.com.ar\/notas\/wp-json\/wp\/v2\/categories?post=59468"},{"taxonomy":"post_tag","embeddable":true,"href":"https:\/\/www.elsindical.com.ar\/notas\/wp-json\/wp\/v2\/tags?post=59468"}],"curies":[{"name":"wp","href":"https:\/\/api.w.org\/{rel}","templated":true}]}}