{"id":59460,"date":"2016-05-15T14:33:01","date_gmt":"2016-05-15T17:33:01","guid":{"rendered":"http:\/\/www.elsindical.com.ar\/notas\/?p=59460"},"modified":"2016-05-15T14:33:01","modified_gmt":"2016-05-15T17:33:01","slug":"barracas-secuestraron-mas-de-200-kilos-de-marihuana","status":"publish","type":"post","link":"https:\/\/www.elsindical.com.ar\/notas\/barracas-secuestraron-mas-de-200-kilos-de-marihuana\/","title":{"rendered":"Barracas: Secuestraron m\u00e1s de 200 kilos de marihuana"},"content":{"rendered":"<p><em><a href=\"http:\/\/www.elsindical.com.ar\/notas\/var\/www\/html\/notas\/wp-content\/uploads\/2016\/05\/marihuana-en-Barracas.jpg\"><img loading=\"lazy\" decoding=\"async\" class=\"alignnone size-medium wp-image-59461\" src=\"http:\/\/www.elsindical.com.ar\/notas\/var\/www\/html\/notas\/wp-content\/uploads\/2016\/05\/marihuana-en-Barracas-300x173.jpg\" alt=\"marihuana-en-Barracas\" width=\"300\" height=\"173\" srcset=\"https:\/\/www.elsindical.com.ar\/notas\/var\/www\/html\/notas\/wp-content\/uploads\/2016\/05\/marihuana-en-Barracas-300x173.jpg 300w, https:\/\/www.elsindical.com.ar\/notas\/var\/www\/html\/notas\/wp-content\/uploads\/2016\/05\/marihuana-en-Barracas-500x289.jpg 500w, https:\/\/www.elsindical.com.ar\/notas\/var\/www\/html\/notas\/wp-content\/uploads\/2016\/05\/marihuana-en-Barracas.jpg 620w\" sizes=\"auto, (max-width: 300px) 100vw, 300px\" \/><\/a>\u00a0 En total, 230 kilos de marihuana fueron secuestrados y decomisados en ese barrio porte\u00f1o. Todo ocurri\u00f3 luego que la polic\u00eda advirtiera actitud sospechosa en una moto e iniciara una persecuci\u00f3n que termin\u00f3 a balazos en el interior de la Villa 21-24.\u00a0<\/em><\/p>\n<p>Unos 230 kilos de marihuana fueron secuestrados por personal de <em>Gendarmer\u00eda Nacional<\/em> en el barrio porte\u00f1o de Barracas, inform\u00f3 la fuerza.\u00a0El procedimiento se realiz\u00f3 ayer cuando efectivos de la<em> Unidad de Prevenci\u00f3n Barrial \u00abZavaleta\u00bb <\/em>estaban recorriendo la zona y vieron a dos hombres que iban en una moto.<\/p>\n<p>A trav\u00e9s de un comunicado se inform\u00f3 que los ocupantes del rodado se dieron cuenta de la presencia de los uniformados en el cruce de las avenidas Iriarte y Zavaleta, por lo que huyeron a toda velocidad.<br \/>\nAnte esa situaci\u00f3n, los gendarmes iniciaron una persecuci\u00f3n en el interior la villa 21-24, donde uno de los hombres portaba un arma de fuego y arroj\u00f3 dos paquetes rectangulares.<\/p>\n<p>En ese momento, los sospechosos ingresaron a un inmueble del lugar pero escaparon por una ventana de la propiedad.\u00a0Al entrar al domicilio, el personal observ\u00f3 que hab\u00eda una gran cantidad de bolsas de consorcio que conten\u00edan paquetes rectangulares, una balanza de precisi\u00f3n y tel\u00e9fonos celulares.<\/p>\n<p>Integrantes del <em>Grupo Criminal\u00edstica y Estudios Forenses<\/em> de Gendarmer\u00eda constataron que hab\u00eda un total de 234,400 kilos de marihuana.<\/p>\n<p>El juez Nacional en lo Criminal y Correccional Federal 8, <strong>Marcelo Mart\u00ednez De Giorgi<\/strong>, orden\u00f3 el decomiso del estupefaciente, de los elementos hallados y de la moto, la cual ten\u00eda pedido de secuestro.<\/p>\n","protected":false},"excerpt":{"rendered":"<p>\u00a0 En total, 230 kilos de marihuana fueron secuestrados y decomisados en ese barrio porte\u00f1o. Todo ocurri\u00f3 luego que la polic\u00eda advirtiera actitud sospechosa en una moto e iniciara una persecuci\u00f3n que termin\u00f3 a balazos en el interior de la Villa 21-24.\u00a0 Unos 230 kilos de marihuana fueron secuestrados por personal de Gendarmer\u00eda Nacional en&hellip;<\/p>\n","protected":false},"author":1,"featured_media":0,"comment_status":"open","ping_status":"open","sticky":false,"template":"","format":"standard","meta":{"footnotes":""},"categories":[22],"tags":[3256,1429,664,2516],"class_list":["post-59460","post","type-post","status-publish","format-standard","hentry","category-policiales","tag-barracas","tag-gendarmeria-nacional","tag-marihuana","tag-moto"],"_links":{"self":[{"href":"https:\/\/www.elsindical.com.ar\/notas\/wp-json\/wp\/v2\/posts\/59460","targetHints":{"allow":["GET"]}}],"collection":[{"href":"https:\/\/www.elsindical.com.ar\/notas\/wp-json\/wp\/v2\/posts"}],"about":[{"href":"https:\/\/www.elsindical.com.ar\/notas\/wp-json\/wp\/v2\/types\/post"}],"author":[{"embeddable":true,"href":"https:\/\/www.elsindical.com.ar\/notas\/wp-json\/wp\/v2\/users\/1"}],"replies":[{"embeddable":true,"href":"https:\/\/www.elsindical.com.ar\/notas\/wp-json\/wp\/v2\/comments?post=59460"}],"version-history":[{"count":1,"href":"https:\/\/www.elsindical.com.ar\/notas\/wp-json\/wp\/v2\/posts\/59460\/revisions"}],"predecessor-version":[{"id":59462,"href":"https:\/\/www.elsindical.com.ar\/notas\/wp-json\/wp\/v2\/posts\/59460\/revisions\/59462"}],"wp:attachment":[{"href":"https:\/\/www.elsindical.com.ar\/notas\/wp-json\/wp\/v2\/media?parent=59460"}],"wp:term":[{"taxonomy":"category","embeddable":true,"href":"https:\/\/www.elsindical.com.ar\/notas\/wp-json\/wp\/v2\/categories?post=59460"},{"taxonomy":"post_tag","embeddable":true,"href":"https:\/\/www.elsindical.com.ar\/notas\/wp-json\/wp\/v2\/tags?post=59460"}],"curies":[{"name":"wp","href":"https:\/\/api.w.org\/{rel}","templated":true}]}}