{"id":59435,"date":"2016-05-13T05:39:48","date_gmt":"2016-05-13T08:39:48","guid":{"rendered":"http:\/\/www.elsindical.com.ar\/notas\/?p=59435"},"modified":"2016-05-13T05:39:48","modified_gmt":"2016-05-13T08:39:48","slug":"multiples-allanamientos-en-la-causa-de-los-traficantes-de-la-afip","status":"publish","type":"post","link":"https:\/\/www.elsindical.com.ar\/notas\/multiples-allanamientos-en-la-causa-de-los-traficantes-de-la-afip\/","title":{"rendered":"M\u00faltiples allanamientos en la causa de los traficantes de la AFIP"},"content":{"rendered":"<p><em><a href=\"http:\/\/www.elsindical.com.ar\/notas\/var\/www\/html\/notas\/wp-content\/uploads\/2016\/05\/Jaime-Mecikovsky.jpg\"><img loading=\"lazy\" decoding=\"async\" class=\"alignnone size-medium wp-image-59436\" src=\"http:\/\/www.elsindical.com.ar\/notas\/var\/www\/html\/notas\/wp-content\/uploads\/2016\/05\/Jaime-Mecikovsky-300x173.jpg\" alt=\"Jaime-Mecikovsky\" width=\"300\" height=\"173\" srcset=\"https:\/\/www.elsindical.com.ar\/notas\/var\/www\/html\/notas\/wp-content\/uploads\/2016\/05\/Jaime-Mecikovsky-300x173.jpg 300w, https:\/\/www.elsindical.com.ar\/notas\/var\/www\/html\/notas\/wp-content\/uploads\/2016\/05\/Jaime-Mecikovsky-500x289.jpg 500w, https:\/\/www.elsindical.com.ar\/notas\/var\/www\/html\/notas\/wp-content\/uploads\/2016\/05\/Jaime-Mecikovsky.jpg 531w\" sizes=\"auto, (max-width: 300px) 100vw, 300px\" \/><\/a>\u00a0 Entre los operativos, se requis\u00f3 la vivienda del subdirector general de Operaciones Impositivas del Interior, Jaime Mecikovsky, de quien tambi\u00e9n se allanaron sus oficinas en la sede del organismo.<\/em><\/p>\n<p>La Justicia realiz\u00f3 este jueves tres allanamientos simult\u00e1neos en la causa en la que se investiga al Subdirector General de Operaciones impositivas de la AFIP Jaime Mecikovsky por el delito de asociaci\u00f3n il\u00edcita. Esta causa se reactiva tras la imputaci\u00f3n del fiscal federal Eduardo Taiano contra Mecikovsky, Alberto Abad, Horacio, titular y vice de la AFIP y la diputada Elisa Carri\u00f3 por tr\u00e1fico de datos confidenciales desde la AFIP.<\/p>\n<p>El proceso de esta jornada se tramita en el juzgado de Luis Rodr\u00edguez a ra\u00edz de la presentaci\u00f3n del abogado S\u00e1nchez Kalbermatten. Seg\u00fan la denuncia, tanto Mecikovsky, como Eliseo Devoto, subdirector de asuntos jur\u00eddicos, y Gonz\u00e1lez, esposo de Adriana Raggi, subdirectora de Metropolitana, habr\u00edan dado protecci\u00f3n a la empresa Murata y habr\u00edan desplazado a un inspector.<\/p>\n<p>Los lugares allanados fueron los domicilios de Mecikovsky, en la calle Vuelta de Obligado; el de Gonz\u00e1lez y las oficinas en la AFIP central de Mecikovsky y Devoto.<\/p>\n<p>Esta causa se activa a ra\u00edz de la imputaci\u00f3n del fiscal Eduardo Taiano en otro expediente donde se investigan las filtraciones de dossiers con informaci\u00f3n fiscal confidencial, en la que ya est\u00e1n imputados -adem\u00e1s de Mecycovsky- el titular del organismo Abad, su segundo Castagnola y la legisladora Carri\u00f3.<\/p>\n","protected":false},"excerpt":{"rendered":"<p>\u00a0 Entre los operativos, se requis\u00f3 la vivienda del subdirector general de Operaciones Impositivas del Interior, Jaime Mecikovsky, de quien tambi\u00e9n se allanaron sus oficinas en la sede del organismo. La Justicia realiz\u00f3 este jueves tres allanamientos simult\u00e1neos en la causa en la que se investiga al Subdirector General de Operaciones impositivas de la AFIP&hellip;<\/p>\n","protected":false},"author":1,"featured_media":0,"comment_status":"open","ping_status":"open","sticky":false,"template":"","format":"standard","meta":{"footnotes":""},"categories":[20],"tags":[69,780,23592],"class_list":["post-59435","post","type-post","status-publish","format-standard","hentry","category-judiciales","tag-afip","tag-elisa-carrio","tag-jaime-mecikovsky"],"_links":{"self":[{"href":"https:\/\/www.elsindical.com.ar\/notas\/wp-json\/wp\/v2\/posts\/59435","targetHints":{"allow":["GET"]}}],"collection":[{"href":"https:\/\/www.elsindical.com.ar\/notas\/wp-json\/wp\/v2\/posts"}],"about":[{"href":"https:\/\/www.elsindical.com.ar\/notas\/wp-json\/wp\/v2\/types\/post"}],"author":[{"embeddable":true,"href":"https:\/\/www.elsindical.com.ar\/notas\/wp-json\/wp\/v2\/users\/1"}],"replies":[{"embeddable":true,"href":"https:\/\/www.elsindical.com.ar\/notas\/wp-json\/wp\/v2\/comments?post=59435"}],"version-history":[{"count":1,"href":"https:\/\/www.elsindical.com.ar\/notas\/wp-json\/wp\/v2\/posts\/59435\/revisions"}],"predecessor-version":[{"id":59437,"href":"https:\/\/www.elsindical.com.ar\/notas\/wp-json\/wp\/v2\/posts\/59435\/revisions\/59437"}],"wp:attachment":[{"href":"https:\/\/www.elsindical.com.ar\/notas\/wp-json\/wp\/v2\/media?parent=59435"}],"wp:term":[{"taxonomy":"category","embeddable":true,"href":"https:\/\/www.elsindical.com.ar\/notas\/wp-json\/wp\/v2\/categories?post=59435"},{"taxonomy":"post_tag","embeddable":true,"href":"https:\/\/www.elsindical.com.ar\/notas\/wp-json\/wp\/v2\/tags?post=59435"}],"curies":[{"name":"wp","href":"https:\/\/api.w.org\/{rel}","templated":true}]}}