{"id":59418,"date":"2016-05-13T04:50:51","date_gmt":"2016-05-13T07:50:51","guid":{"rendered":"http:\/\/www.elsindical.com.ar\/notas\/?p=59418"},"modified":"2016-05-13T04:50:51","modified_gmt":"2016-05-13T07:50:51","slug":"el-gobierno-convoco-al-consejo-nacional-del-salario","status":"publish","type":"post","link":"https:\/\/www.elsindical.com.ar\/notas\/el-gobierno-convoco-al-consejo-nacional-del-salario\/","title":{"rendered":"El Gobierno convoc\u00f3 al Consejo Nacional del Salario"},"content":{"rendered":"<p class=\"copete\"><em><a href=\"http:\/\/www.elsindical.com.ar\/notas\/var\/www\/html\/notas\/wp-content\/uploads\/2016\/05\/Concejo-Nacional-del-Trabajo.jpg\"><img loading=\"lazy\" decoding=\"async\" class=\"alignnone size-medium wp-image-59419\" src=\"http:\/\/www.elsindical.com.ar\/notas\/var\/www\/html\/notas\/wp-content\/uploads\/2016\/05\/Concejo-Nacional-del-Trabajo-300x176.jpg\" alt=\"Concejo-Nacional-del-Trabajo\" width=\"300\" height=\"176\" srcset=\"https:\/\/www.elsindical.com.ar\/notas\/var\/www\/html\/notas\/wp-content\/uploads\/2016\/05\/Concejo-Nacional-del-Trabajo-300x176.jpg 300w, https:\/\/www.elsindical.com.ar\/notas\/var\/www\/html\/notas\/wp-content\/uploads\/2016\/05\/Concejo-Nacional-del-Trabajo-500x294.jpg 500w, https:\/\/www.elsindical.com.ar\/notas\/var\/www\/html\/notas\/wp-content\/uploads\/2016\/05\/Concejo-Nacional-del-Trabajo.jpg 620w\" sizes=\"auto, (max-width: 300px) 100vw, 300px\" \/><\/a>\u00a0 El encuentro ser\u00e1 el pr\u00f3ximo jueves 18, seg\u00fan indica la resoluci\u00f3n publicada hoy en el Bolet\u00edn Oficial. La sesi\u00f3n plenaria ordinaria est\u00e1 establecida para las 16:00 horas.<\/em><\/p>\n<p>El Gobierno nacional oficializ\u00f3 hoy la convocatoria al Consejo Nacional del Empleo, la Productividad y el Salario M\u00ednimo, Vital y M\u00f3vil, para el<strong> jueves pr\u00f3ximo en la sede del Ministerio de Trabajo<\/strong>, mediante la Resoluci\u00f3n 232\/2016 publicada en el Bolet\u00edn Oficial.<\/p>\n<p>La convocatoria a la sesi\u00f3n plenaria ordinaria est\u00e1 establecida para las 16 en la sede de la cartera laboral ubicada en Leandro Alem 650. Asimismo, s<strong>e convoca a las 10.30 a las comisiones del Salario M\u00ednimo Vital y M\u00f3vil <\/strong>y Prestaciones por Desempleo; a la Comisi\u00f3n de Empleo; a la Comisi\u00f3n Profesional; de Productividad y para el Fortalecimiento del Sistema de Seguridad Social.<\/p>\n<p>En la actualidad, <strong>el salario m\u00ednimo es de 6.060 peso<\/strong>s y, de acuerdo a lo anticipado por el ministro de Trabajo de la Naci\u00f3n, <strong>Jorge Triaca<\/strong>, la idea es acordar con empresarios y sindicalistas una suba de al menos un 30%.<\/p>\n<p>El Consejo del Salario se cre\u00f3 en diciembre de 1991 a trav\u00e9s de la Ley N 24.013 para \u00abmejorar la situaci\u00f3n socioecon\u00f3mica de la poblaci\u00f3n\u00bb. Del mismo<strong> participan los sectores trabajador y empleador<\/strong> y representantes del Estado Nacional y del Consejo Federal del Trabajo (gobiernos provinciales).<\/p>\n<p>Se busca \u00abpromover la creaci\u00f3n del empleo productivo a trav\u00e9s de las distintas acciones e instrumentos contenidos en las diferentes pol\u00edticas del gobierno nacional, as\u00ed como a trav\u00e9s de programas y medidas espec\u00edficas de fomento del empleo\u00bb, entre otras cosas.<\/p>\n","protected":false},"excerpt":{"rendered":"<p>\u00a0 El encuentro ser\u00e1 el pr\u00f3ximo jueves 18, seg\u00fan indica la resoluci\u00f3n publicada hoy en el Bolet\u00edn Oficial. La sesi\u00f3n plenaria ordinaria est\u00e1 establecida para las 16:00 horas. El Gobierno nacional oficializ\u00f3 hoy la convocatoria al Consejo Nacional del Empleo, la Productividad y el Salario M\u00ednimo, Vital y M\u00f3vil, para el jueves pr\u00f3ximo en la&hellip;<\/p>\n","protected":false},"author":1,"featured_media":0,"comment_status":"open","ping_status":"open","sticky":false,"template":"","format":"standard","meta":{"footnotes":""},"categories":[13],"tags":[23587,375,22601,23588],"class_list":["post-59418","post","type-post","status-publish","format-standard","hentry","category-politica","tag-concejo-nacional-del-trabajo","tag-gobierno","tag-jorge-triaca","tag-salario-minimo-vital-y-movil"],"_links":{"self":[{"href":"https:\/\/www.elsindical.com.ar\/notas\/wp-json\/wp\/v2\/posts\/59418","targetHints":{"allow":["GET"]}}],"collection":[{"href":"https:\/\/www.elsindical.com.ar\/notas\/wp-json\/wp\/v2\/posts"}],"about":[{"href":"https:\/\/www.elsindical.com.ar\/notas\/wp-json\/wp\/v2\/types\/post"}],"author":[{"embeddable":true,"href":"https:\/\/www.elsindical.com.ar\/notas\/wp-json\/wp\/v2\/users\/1"}],"replies":[{"embeddable":true,"href":"https:\/\/www.elsindical.com.ar\/notas\/wp-json\/wp\/v2\/comments?post=59418"}],"version-history":[{"count":1,"href":"https:\/\/www.elsindical.com.ar\/notas\/wp-json\/wp\/v2\/posts\/59418\/revisions"}],"predecessor-version":[{"id":59420,"href":"https:\/\/www.elsindical.com.ar\/notas\/wp-json\/wp\/v2\/posts\/59418\/revisions\/59420"}],"wp:attachment":[{"href":"https:\/\/www.elsindical.com.ar\/notas\/wp-json\/wp\/v2\/media?parent=59418"}],"wp:term":[{"taxonomy":"category","embeddable":true,"href":"https:\/\/www.elsindical.com.ar\/notas\/wp-json\/wp\/v2\/categories?post=59418"},{"taxonomy":"post_tag","embeddable":true,"href":"https:\/\/www.elsindical.com.ar\/notas\/wp-json\/wp\/v2\/tags?post=59418"}],"curies":[{"name":"wp","href":"https:\/\/api.w.org\/{rel}","templated":true}]}}