{"id":59346,"date":"2016-05-10T02:48:13","date_gmt":"2016-05-10T05:48:13","guid":{"rendered":"http:\/\/www.elsindical.com.ar\/notas\/?p=59346"},"modified":"2016-05-10T02:48:13","modified_gmt":"2016-05-10T05:48:13","slug":"los-trabajadores-de-clarin-celebran-con-lechuga-y-agua","status":"publish","type":"post","link":"https:\/\/www.elsindical.com.ar\/notas\/los-trabajadores-de-clarin-celebran-con-lechuga-y-agua\/","title":{"rendered":"Los trabajadores de Clar\u00edn \u201ccelebran\u201d con lechuga y agua"},"content":{"rendered":"<p><em>\u00a0<a href=\"http:\/\/www.elsindical.com.ar\/notas\/var\/www\/html\/notas\/wp-content\/uploads\/2014\/12\/Grupo-Clarin-logo.jpg\"><img loading=\"lazy\" decoding=\"async\" class=\"alignnone size-medium wp-image-47788\" src=\"http:\/\/www.elsindical.com.ar\/notas\/var\/www\/html\/notas\/wp-content\/uploads\/2014\/12\/Grupo-Clarin-logo-300x266.jpg\" alt=\"Grupo-Clarin-logo\" width=\"300\" height=\"266\" srcset=\"https:\/\/www.elsindical.com.ar\/notas\/var\/www\/html\/notas\/wp-content\/uploads\/2014\/12\/Grupo-Clarin-logo-300x266.jpg 300w, https:\/\/www.elsindical.com.ar\/notas\/var\/www\/html\/notas\/wp-content\/uploads\/2014\/12\/Grupo-Clarin-logo.jpg 325w\" sizes=\"auto, (max-width: 300px) 100vw, 300px\" \/><\/a> En el 40 aniversario de la empresa Artes Gr\u00e1ficas Rioplatense (AGR) del Grupo Clar\u00edn, y cuando acaba de cumplirse el d\u00eda del gr\u00e1fico, los trabajadores de AGR-Clar\u00edn \u201ccelebraremos\u201d en la puerta de la Feria del Libro, este lunes 9 de mayo a las 15:30 hs con un banquete de s\u00e1ndwiches de lechuga y brindando con agua.<\/em><\/p>\n<p>Los trabajadores de AGR-Clar\u00edn, que nos encontramos en plan de lucha desde la semana pasada, con asambleas y quite de colaboraci\u00f3n, realizaremos esta protesta en el d\u00eda de cierre de la Feria, ante la insuficiente oferta salarial que hemos tenido como respuesta por parte del Grupo Clar\u00edn frente a nuestros reclamos.<\/p>\n<p>Desde el 2015 al 2016 el precio de tapa del diario Clar\u00edn aumento un 90% (de 10 a 19 pesos), los trabajadores imprimimos la Revista Viva que acompa\u00f1a la tirada del domingo y la Rumbos que acompa\u00f1a el dominical de los diarios del interior. En el caso de la Revista Genios, tambi\u00e9n impresa en AGR, el precio de tapa aumento un 46%, sin embargo el Grupo Clar\u00edn pretende ajustar nuestro salario otorgando un aumento de tan solo el 25%.<\/p>\n<p>Los trabajadores reclamamos un aumento inmediato del 30% semestral y la duplicaci\u00f3n del \u00edtem viatico dado el aumento del 100% del transporte. Se trata de un reclamo que no alcanza los aumentos que ha realizado la propia empresa sobre sus productos y mucho menos las ganancias que informa.<\/p>\n<p>Seg\u00fan el \u00faltimo reporte anual con los datos econ\u00f3micos y financieros de 2015, el Grupo Clar\u00edn informa que sus ganancias en el per\u00edodo alcanzaron los $2.916 millones, lo que representa un aumento de 117% respecto de las ganancias de 2014 (+264% respecto de 2013) y una participaci\u00f3n de 10,5% sobre las ventas netas del per\u00edodo, el mejor resultado desde 2011.<\/p>\n<p>Invitamos a los sindicatos y organizaciones sociales a solidarizarse con esta protesta, en particular a los delegados y trabajadores de prensa de la redacci\u00f3n de Clar\u00edn y Artear que tambi\u00e9n se encuentran realizando reclamos salariales, convocamos a los medios de prensa que se consideren independientes a cubrir esta particular celebraci\u00f3n.<\/p>\n<p><strong>Comisi\u00f3n Interna de AGR-Clar\u00edn<\/strong><\/p>\n<p>Pablo Vi\u00f1as (Secretario General): 15 4 177 7168<\/p>\n<p>Marcelo Quintero (Secretario Adjunto): 15 4 099 8084<\/p>\n<p>Daniel Ibasca (Secretario de Organizaci\u00f3n): 15 6 221 5797<\/p>\n","protected":false},"excerpt":{"rendered":"<p>\u00a0 En el 40 aniversario de la empresa Artes Gr\u00e1ficas Rioplatense (AGR) del Grupo Clar\u00edn, y cuando acaba de cumplirse el d\u00eda del gr\u00e1fico, los trabajadores de AGR-Clar\u00edn \u201ccelebraremos\u201d en la puerta de la Feria del Libro, este lunes 9 de mayo a las 15:30 hs con un banquete de s\u00e1ndwiches de lechuga y brindando&hellip;<\/p>\n","protected":false},"author":1,"featured_media":0,"comment_status":"open","ping_status":"open","sticky":false,"template":"","format":"standard","meta":{"footnotes":""},"categories":[16],"tags":[23563,22056,1349,23564],"class_list":["post-59346","post","type-post","status-publish","format-standard","hentry","category-gremiales","tag-agr-clarin","tag-festejo","tag-grupo-clarin","tag-lechuga"],"_links":{"self":[{"href":"https:\/\/www.elsindical.com.ar\/notas\/wp-json\/wp\/v2\/posts\/59346","targetHints":{"allow":["GET"]}}],"collection":[{"href":"https:\/\/www.elsindical.com.ar\/notas\/wp-json\/wp\/v2\/posts"}],"about":[{"href":"https:\/\/www.elsindical.com.ar\/notas\/wp-json\/wp\/v2\/types\/post"}],"author":[{"embeddable":true,"href":"https:\/\/www.elsindical.com.ar\/notas\/wp-json\/wp\/v2\/users\/1"}],"replies":[{"embeddable":true,"href":"https:\/\/www.elsindical.com.ar\/notas\/wp-json\/wp\/v2\/comments?post=59346"}],"version-history":[{"count":1,"href":"https:\/\/www.elsindical.com.ar\/notas\/wp-json\/wp\/v2\/posts\/59346\/revisions"}],"predecessor-version":[{"id":59347,"href":"https:\/\/www.elsindical.com.ar\/notas\/wp-json\/wp\/v2\/posts\/59346\/revisions\/59347"}],"wp:attachment":[{"href":"https:\/\/www.elsindical.com.ar\/notas\/wp-json\/wp\/v2\/media?parent=59346"}],"wp:term":[{"taxonomy":"category","embeddable":true,"href":"https:\/\/www.elsindical.com.ar\/notas\/wp-json\/wp\/v2\/categories?post=59346"},{"taxonomy":"post_tag","embeddable":true,"href":"https:\/\/www.elsindical.com.ar\/notas\/wp-json\/wp\/v2\/tags?post=59346"}],"curies":[{"name":"wp","href":"https:\/\/api.w.org\/{rel}","templated":true}]}}