{"id":59238,"date":"2016-05-04T13:21:31","date_gmt":"2016-05-04T16:21:31","guid":{"rendered":"http:\/\/www.elsindical.com.ar\/notas\/?p=59238"},"modified":"2016-05-04T13:21:31","modified_gmt":"2016-05-04T16:21:31","slug":"transportistas-de-carga-dicen-que-la-suba-de-la-nafta-llevaria-al-cierre-de-empresas","status":"publish","type":"post","link":"https:\/\/www.elsindical.com.ar\/notas\/transportistas-de-carga-dicen-que-la-suba-de-la-nafta-llevaria-al-cierre-de-empresas\/","title":{"rendered":"Transportistas de carga dicen que la suba de la nafta llevar\u00eda al cierre de empresas"},"content":{"rendered":"<p><em><a href=\"http:\/\/www.elsindical.com.ar\/notas\/var\/www\/html\/notas\/wp-content\/uploads\/2016\/05\/empresas-transportistas.jpg\"><img loading=\"lazy\" decoding=\"async\" class=\"alignnone size-medium wp-image-59239\" src=\"http:\/\/www.elsindical.com.ar\/notas\/var\/www\/html\/notas\/wp-content\/uploads\/2016\/05\/empresas-transportistas-300x169.jpg\" alt=\"empresas-transportistas\" width=\"300\" height=\"169\" srcset=\"https:\/\/www.elsindical.com.ar\/notas\/var\/www\/html\/notas\/wp-content\/uploads\/2016\/05\/empresas-transportistas-300x169.jpg 300w, https:\/\/www.elsindical.com.ar\/notas\/var\/www\/html\/notas\/wp-content\/uploads\/2016\/05\/empresas-transportistas-500x282.jpg 500w, https:\/\/www.elsindical.com.ar\/notas\/var\/www\/html\/notas\/wp-content\/uploads\/2016\/05\/empresas-transportistas.jpg 620w\" sizes=\"auto, (max-width: 300px) 100vw, 300px\" \/><\/a>\u00a0Desde la patronal del sector aseguran que el incremento de los combustibles impacta en un aumento de casi 40% de los costos y que las empresas est\u00e1n asfixiadas por las subas.\u00a0\u00a0\u00a0\u00a0\u00a0\u00a0<\/em><\/p>\n<p>La Federaci\u00f3n de Entidades Empresarias del Autotransporte de Cargas (FADEEAC) detall\u00f3 que los combustibles, salarios y costo financiero suman en promedio el 70% de la estructura total de costos de ese sector.<\/p>\n<p>Seg\u00fan los datos de la Federaci\u00f3n, tan solo el combustible representa entre un 35 y 40%, y los sucesivos aumentos de este insumo representaron un incremento del 18% en los costos del sector durante el primer cuatrimestre de 2016. A partir del domingo pasado, con la nueva suba, esta cifra podr\u00eda ascender al 30% durante primer semestre de este a\u00f1o.<\/p>\n<p>El panorama es m\u00e1s desalentador si sumamos el resto de los insumos: el \u00edndice de costos de FADEEAC, que mide 11 rubros distintos que impactan en los costos del autotransporte de cargas, alcanz\u00f3 un 17.8% en el primer trimestre y ya representa el 80% del aumento total registrado en 2015 (que fue 22%).<\/p>\n<p>A trav\u00e9s de un comunicado, la Federaci\u00f3n advirti\u00f3 que \u201cse trata de un escenario cr\u00edtico teniendo en cuenta que el combustible es el insumo b\u00e1sico del transporte de cargas y est\u00e1 sufriendo hoy el impacto m\u00e1s alto de toda la regi\u00f3n. Esto incluso arrastra a otros costos, como los lubricantes\u201d.<\/p>\n<p>Adem\u00e1s, esta situaci\u00f3n, sumada a la que ya ven\u00eda sufriendo la actividad desde 2014 por la p\u00e9rdida de la rentabilidad, afecta principalmente a peque\u00f1as y medianas empresas, que representan el 92% del sector.<\/p>\n<p>Y en esa misma l\u00ednea, la FADEEAC concluye que las Pymes \u201choy se ven imposibilitadas de absorber estos costos y, en muchos casos, tampoco pueden trasladarlos, agravando a\u00fan m\u00e1s la situaci\u00f3n por una alta presi\u00f3n impositiva, un mayor costo financiero, la dilataci\u00f3n en la cadena de pagos y la ca\u00edda de la actividad. Esto llevar\u00eda a un posible cierre de empresas, con una consecuente p\u00e9rdida de puestos de trabajo\u201d.<\/p>\n","protected":false},"excerpt":{"rendered":"<p>\u00a0Desde la patronal del sector aseguran que el incremento de los combustibles impacta en un aumento de casi 40% de los costos y que las empresas est\u00e1n asfixiadas por las subas.\u00a0\u00a0\u00a0\u00a0\u00a0\u00a0 La Federaci\u00f3n de Entidades Empresarias del Autotransporte de Cargas (FADEEAC) detall\u00f3 que los combustibles, salarios y costo financiero suman en promedio el 70% de&hellip;<\/p>\n","protected":false},"author":1,"featured_media":0,"comment_status":"open","ping_status":"open","sticky":false,"template":"","format":"standard","meta":{"footnotes":""},"categories":[28],"tags":[23539,11736,23540],"class_list":["post-59238","post","type-post","status-publish","format-standard","hentry","category-empresariales","tag-aumento-naftas","tag-fadeeac","tag-transporte-cargas"],"_links":{"self":[{"href":"https:\/\/www.elsindical.com.ar\/notas\/wp-json\/wp\/v2\/posts\/59238","targetHints":{"allow":["GET"]}}],"collection":[{"href":"https:\/\/www.elsindical.com.ar\/notas\/wp-json\/wp\/v2\/posts"}],"about":[{"href":"https:\/\/www.elsindical.com.ar\/notas\/wp-json\/wp\/v2\/types\/post"}],"author":[{"embeddable":true,"href":"https:\/\/www.elsindical.com.ar\/notas\/wp-json\/wp\/v2\/users\/1"}],"replies":[{"embeddable":true,"href":"https:\/\/www.elsindical.com.ar\/notas\/wp-json\/wp\/v2\/comments?post=59238"}],"version-history":[{"count":1,"href":"https:\/\/www.elsindical.com.ar\/notas\/wp-json\/wp\/v2\/posts\/59238\/revisions"}],"predecessor-version":[{"id":59240,"href":"https:\/\/www.elsindical.com.ar\/notas\/wp-json\/wp\/v2\/posts\/59238\/revisions\/59240"}],"wp:attachment":[{"href":"https:\/\/www.elsindical.com.ar\/notas\/wp-json\/wp\/v2\/media?parent=59238"}],"wp:term":[{"taxonomy":"category","embeddable":true,"href":"https:\/\/www.elsindical.com.ar\/notas\/wp-json\/wp\/v2\/categories?post=59238"},{"taxonomy":"post_tag","embeddable":true,"href":"https:\/\/www.elsindical.com.ar\/notas\/wp-json\/wp\/v2\/tags?post=59238"}],"curies":[{"name":"wp","href":"https:\/\/api.w.org\/{rel}","templated":true}]}}